{"id":1095,"date":"2012-09-14T18:00:59","date_gmt":"2012-09-14T16:00:59","guid":{"rendered":"http:\/\/www.tirages-pro.com\/blog\/?p=1095"},"modified":"2016-02-03T10:01:42","modified_gmt":"2016-02-03T09:01:42","slug":"karine-malatier-une-etoile-en-noir-et-blanc-rencontre","status":"publish","type":"post","link":"https:\/\/www.tirages-pro.com\/blog\/2012\/09\/karine-malatier-une-etoile-en-noir-et-blanc-rencontre\/","title":{"rendered":"Karine Malatier, une \u00e9toile en noir et blanc"},"content":{"rendered":"<p>Premier prix du concours photo de la Fondation Krys.<br \/>\nLaur\u00e9ate du concours photo \u00ab\u00a0\u00c0 chacun sa couleur\u00a0\u00bb.<br \/>\nPremier prix \u00ab\u00a0International Photography Award\u00a0\u00bb \u00e0 New York, cat\u00e9gorie \u00ab\u00a0Lifestyle\u00a0\u00bb.<br \/>\nLaur\u00e9ate du concours \u00ab\u00a0Regards crois\u00e9s, Saint-Germain des Pr\u00e9s\u00a0\u00bb.<\/p>\n<p>Voici un aper\u00e7u de la liste des prix remport\u00e9s depuis deux ans par Karine Malatier. Sc\u00e8nes de vie ou portraits tout en humanit\u00e9 et en noir et blanc sobre, ses photos \u00e9meuvent.<\/p>\n<p><!--more--><img data-recalc-dims=\"1\" alt=\"\" loading=\"lazy\" decoding=\"async\" class=\"alignright size-full wp-image-1123\" title=\"Karine Malatier - Portrait\" src=\"https:\/\/i0.wp.com\/static.tirages-pro.com\/blog\/wp-content\/uploads\/2013\/09\/KarineMalatier-Portrait.jpg?resize=138%2C200\" alt=\"\" width=\"138\" height=\"200\" \/>Actuellement, Karine Malatier propose \u00e0 Lyon, <a title=\"Galerie Fran\u00e7oise Souchaud\" href=\"http:\/\/www.galerie-souchaud.fr\" target=\"_blank\">Galerie Fran\u00e7oise Souchaud<\/a>, une exposition intitul\u00e9e \u00ab\u00a0Une \u00e9toile brille sur le S\u00e9n\u00e9gal\u00a0\u00bb. Titre en clin d&rsquo;oeil, pour rappeler le nom de l&rsquo;association \u00ab\u00a0<a title=\"Association Un sourire \u00e0 une \u00e9toile\" href=\"http:\/\/unsourireauneetoile.com\" target=\"_blank\">Un sourire \u00e0 une \u00e9toile<\/a>\u00a0\u00bb fond\u00e9e en 2010 et qu&rsquo;elle co-pr\u00e9side avec une amie. L&rsquo;\u00e9toile, c&rsquo;est celle du drapeau du S\u00e9n\u00e9gal, et le sourire, c&rsquo;est celui des petites filles de l&rsquo;orphelinat de Dakar (appel\u00e9 joliment Le Nid) qui fonctionne gr\u00e2ce aux fonds r\u00e9colt\u00e9s par l&rsquo;association.<\/p>\n<p>Un beau projet, donc, et aussi de superbes images. Entre son activit\u00e9 professionnelle et sa passion pour la photographie, Karine Malatier nous consacre un moment.\u00a0Rencontre avec Karine Malatier pour tenter de cerner ce qui fait d&rsquo;elle une \u00e9toile du noir et blanc.<\/p>\n<p><!--more--><\/p>\n<p><strong>TiragesPro :<\/strong><br \/>\nVotre exposition \u00e0 Lyon regroupe des photos prises au S\u00e9n\u00e9gal. Un pays que vous semblez bien connaitre\u00a0?<\/p>\n<p><strong>Karine Malatier :<\/strong><br \/>\nEn effet, j&rsquo;ai connu le S\u00e9n\u00e9gal gr\u00e2ce \u00e0 une amie. Le pays m&rsquo;a plu d&#8217;embl\u00e9e\u00a0: la lumi\u00e8re, les couleurs, les gens. J&rsquo;y suis retourn\u00e9e et je m&rsquo;y rends maintenant tr\u00e8s r\u00e9guli\u00e8rement, pour l&rsquo;association le plus souvent. C&rsquo;est un pays que j&rsquo;aime beaucoup. Pas pour les paysages, mais pour les gens. La situation politique est relativement stable et la population a dans l&rsquo;ensemble un bon niveau d&rsquo;\u00e9ducation. La religion, que ce soit l&rsquo;islam ou le catholicisme, n&rsquo;est pas un obstacle, les habitants sont gentils, ouverts et on peut facilement discuter avec eux et les prendre en photo.<\/p>\n<p style=\"text-align: left;\"><img data-recalc-dims=\"1\" alt=\"\" loading=\"lazy\" decoding=\"async\" class=\"size-full wp-image-1125 alignnone\" title=\"Karine Malatier - Pluie d'\u00e9t\u00e9\" src=\"https:\/\/i0.wp.com\/static.tirages-pro.com\/blog\/wp-content\/uploads\/2013\/09\/KarineMalatier-Photo-3.jpg?resize=600%2C399\" alt=\"\" width=\"600\" height=\"399\" srcset=\"https:\/\/i0.wp.com\/www.tirages-pro.com\/blog\/wp-content\/uploads\/2013\/09\/KarineMalatier-Photo-3.jpg?w=600&amp;ssl=1 600w, https:\/\/i0.wp.com\/www.tirages-pro.com\/blog\/wp-content\/uploads\/2013\/09\/KarineMalatier-Photo-3.jpg?resize=300%2C200&amp;ssl=1 300w\" sizes=\"auto, (max-width: 600px) 100vw, 600px\" \/><\/p>\n<p style=\"text-align: left;\">Beaucoup de portraits sont pris dans des associations d&rsquo;enfants ou dans Le Nid \u00e0 Dakar. Nous avons ouvert cette maison de vie pour les petites filles sans parents, mais \u00e9galement pour celles dont la famille n&rsquo;est pas en mesure de leur assurer un avenir. Le S\u00e9n\u00e9gal n&rsquo;est pas un pays tr\u00e8s riche. Nous avons choisi de n&rsquo;avoir que des filles pour \u00e9viter les soucis \u00e0 l&rsquo;adolescence lorsque filles et gar\u00e7ons sont m\u00e9lang\u00e9s, mais \u00e9galement car ce sont les femmes qui, si elles deviennent m\u00e8res, \u00e9duquent les enfants. Elles ont un r\u00f4le de transmission pour les valeurs, la culture\u2026<\/p>\n<p>&nbsp;<\/p>\n<p><strong>TiragesPro :<\/strong><br \/>\nVous mettez l&rsquo;accent sur la relation avec les gens, comment travaillez-vous lors des prises de vue ?<\/p>\n<p><strong>Karine Malatier :<\/strong><br \/>\nM\u00eame si je ne d\u00e9daigne pas les clich\u00e9s \u00ab\u00a0vol\u00e9s\u00a0\u00bb ou les instants pris sur le vif, ce n&rsquo;est pas mon but. Je pr\u00e9f\u00e8re privil\u00e9gier la relation et l&rsquo;\u00e9motion. Pour les portraits, je commence par m&rsquo;approcher des gens, par leur parler, leur demander l&rsquo;autorisation de les prendre en photo. Lorsque le contact est \u00e9tabli, qu&rsquo;on a discut\u00e9 cinq ou dix minutes, ils oublient l&rsquo;appareil et redeviennent naturels. C&rsquo;est l\u00e0 qu&rsquo;il faut saisir le moment, l&rsquo;expression, l&rsquo;\u00e9motion.<\/p>\n<p><img data-recalc-dims=\"1\" alt=\"\" loading=\"lazy\" decoding=\"async\" class=\"alignleft size-full wp-image-1140\" title=\"Karine Malatier - Vers le ciel\" src=\"https:\/\/i0.wp.com\/static.tirages-pro.com\/blog\/wp-content\/uploads\/2012\/09\/DSC_98492.jpg?resize=280%2C420\" alt=\"\" width=\"280\" height=\"420\" srcset=\"https:\/\/i0.wp.com\/www.tirages-pro.com\/blog\/wp-content\/uploads\/2012\/09\/DSC_98492.jpg?w=280&amp;ssl=1 280w, https:\/\/i0.wp.com\/www.tirages-pro.com\/blog\/wp-content\/uploads\/2012\/09\/DSC_98492.jpg?resize=200%2C300&amp;ssl=1 200w\" sizes=\"auto, (max-width: 280px) 100vw, 280px\" \/>Dans ce but, je me suis \u00e9quip\u00e9e d&rsquo;un mat\u00e9riel adapt\u00e9. Je fais des photos depuis longtemps, tr\u00e8s longtemps. \u00c0 dix ans, j&rsquo;avais ces choses avec des flashs cubes avec quatre faces qui faisaient \u00ab\u00a0Pouffff\u00a0\u00bb en se consumant\u2026 Le r\u00e9sultat \u00e9tait horrible, mais \u00e7a me plaisait. J&rsquo;ai pers\u00e9v\u00e9r\u00e9 et le mat\u00e9riel a \u00e9volu\u00e9 avec moi. Depuis trois ou quatre ans, j&rsquo;ai un peu plus de temps et j&rsquo;ai investi dans un bon appareil. Avant j&rsquo;avais un Nikon D700, et maintenant, un D3S, toujours chez Nikon. J&rsquo;ai m\u00eame pris des cours techniques pour apprendre \u00e0 m&rsquo;en servir. Quand on fait les choses, autant les faire bien\u00a0! C&rsquo;est un gros appareil lourd, mais c&rsquo;est ce que je pr\u00e9f\u00e8re au niveau de la prise en main. Dessus, j&rsquo;ai le plus souvent un 70-200 et je travaille souvent au 200. \u00c7a me permet d&rsquo;avoir une certaine distance par rapport \u00e0 la personne pour saisir les d\u00e9tails du visage, du regard et des expressions sans la d\u00e9stabiliser. Je peux ainsi rester dans l&rsquo;\u00e9motion. Mais m\u00eame lorsque je n&rsquo;ai pas pr\u00e9vu une s\u00e9ance de prise de vue, j&rsquo;ai toujours un petit Leica dans mon sac pour les situations d&rsquo;urgences, quand une photo ne peut pas attendre\u00a0!<\/p>\n<p>Ensuite, pour le d\u00e9veloppement devant l&rsquo;ordinateur, je ne passe pas beaucoup de temps. Il y a bien sur le tri, mais les masquages et ce genre de choses, je n&rsquo;en fais qu&rsquo;exceptionnellement. Dans la plupart des cas, je me contente d&rsquo;ajuster un peu le contraste, l&rsquo;\u00e9clat, la lumi\u00e8re, et bien s\u00fbr, de faire le passage de la couleur au noir et blanc puisque tous mes fichiers sont en RAW. La technique, principalement l&rsquo;\u00e9clairage, et l&rsquo;\u00e9motion sont deux choses tr\u00e8s difficiles \u00e0 capter en m\u00eame temps.<\/p>\n<p>&nbsp;<\/p>\n<p><strong>TiragesPro :<br \/>\n<\/strong>Vous ne travaillez qu&rsquo;en noir et blanc ?<\/p>\n<p><strong>Karine Malatier :<br \/>\n<\/strong>Presque exclusivement. Je trouve que la couleur est subjective, qu&rsquo;elle nuit \u00e0 l&rsquo;\u00e9motion. Elle influence. On a ses couleurs pr\u00e9f\u00e9r\u00e9es, celles qu&rsquo;on n&rsquo;aime pas, les couleurs froides, les chaudes, on les associe sans s&rsquo;en rendre compte \u00e0 des sentiments, on s&rsquo;y perd. J&rsquo;aime la sobri\u00e9t\u00e9 du noir et blanc, il n&rsquo;y a pas de chichis, le regard est aigu, aiguis\u00e9. Celui du sujet, comme celui du spectateur. Le rapport \u00e0 l&rsquo;image est alors plus simple, plus direct et plus profond.<\/p>\n<p>Par exemple, la photo de ma petite ni\u00e8ce \u00e0 la sortie de l&rsquo;\u00e9cole au S\u00e9n\u00e9gal. En couleur, c&rsquo;est le rose \u00ab\u00a0bonbon\u00a0\u00bb des uniformes des enfants qui frappe en premier. Lorsque je montre cette photo en version couleur, c&rsquo;est la dominante rose qui retient l&rsquo;attention. Alors qu&rsquo;en noir et blanc, le regard est attir\u00e9 par le contraste et d\u00e9tecte imm\u00e9diatement le visage blanc parmi tous les visages noirs.<\/p>\n<p style=\"text-align: center;\"><img data-recalc-dims=\"1\" alt=\"\" loading=\"lazy\" decoding=\"async\" class=\"aligncenter size-full wp-image-1121\" title=\"Karine Malatier - Erja\" src=\"https:\/\/i0.wp.com\/static.tirages-pro.com\/blog\/wp-content\/uploads\/2013\/09\/KarineMalatier-Photo-1.jpg?resize=600%2C401\" alt=\"\" width=\"600\" height=\"401\" srcset=\"https:\/\/i0.wp.com\/www.tirages-pro.com\/blog\/wp-content\/uploads\/2013\/09\/KarineMalatier-Photo-1.jpg?w=600&amp;ssl=1 600w, https:\/\/i0.wp.com\/www.tirages-pro.com\/blog\/wp-content\/uploads\/2013\/09\/KarineMalatier-Photo-1.jpg?resize=300%2C201&amp;ssl=1 300w\" sizes=\"auto, (max-width: 600px) 100vw, 600px\" \/><\/p>\n<p>J&rsquo;aime la simplicit\u00e9 du noir et blanc, c&rsquo;est la m\u00eame chose pour la mise en sc\u00e8ne, je ne cherche pas \u00e0 mettre trop de choses dans une image, des arri\u00e8re-plans, des compositions avec beaucoup de d\u00e9tails \u00e0 d\u00e9couvrir, comme chez Helmut Newton par exemple.<\/p>\n<p>&nbsp;<\/p>\n<p><strong>TiragesPro :<br \/>\n<\/strong>Vous citez Helmut Newton, \u00eates-vous influenc\u00e9e par un photographe en particulier ?<\/p>\n<p><strong>Karine Malatier :<br \/>\n<\/strong><img data-recalc-dims=\"1\" alt=\"\" loading=\"lazy\" decoding=\"async\" class=\"alignright size-full wp-image-1122\" title=\"Karine Malatier - Alone\" src=\"https:\/\/i0.wp.com\/static.tirages-pro.com\/blog\/wp-content\/uploads\/2013\/09\/KarineMalatier-Photo-2.jpg?resize=280%2C421\" alt=\"\" width=\"280\" height=\"421\" srcset=\"https:\/\/i0.wp.com\/www.tirages-pro.com\/blog\/wp-content\/uploads\/2013\/09\/KarineMalatier-Photo-2.jpg?w=280&amp;ssl=1 280w, https:\/\/i0.wp.com\/www.tirages-pro.com\/blog\/wp-content\/uploads\/2013\/09\/KarineMalatier-Photo-2.jpg?resize=200%2C300&amp;ssl=1 200w\" sizes=\"auto, (max-width: 280px) 100vw, 280px\" \/>Je n&rsquo;ai pas de mod\u00e8le, de photographe dont j&rsquo;essaierai d&rsquo;imiter le travail. Mais il y a bien s\u00fbr des auteurs que j&rsquo;aime plus que d&rsquo;autres, sans pour autant avoir envie de les copier. Je pourrais vous citer par exemple Alice Springs. Je trouve que les photographes femmes offrent une \u00e9motion plus globale. Mais j&rsquo;appr\u00e9cie \u00e9galement Depardon, Doisneau, Willy Ronis, Cartier-Bresson,\u00a0\u2026<\/p>\n<p>Un photographe que j&rsquo;aurais aim\u00e9 \u00eatre, c&rsquo;est peut-\u00eatre Sebasti\u00e3o Salgado. Mon travail va souvent dans la m\u00eame direction que le sien. J&rsquo;ai \u00e9t\u00e9 tent\u00e9e de l&rsquo;imiter pour son c\u00f4t\u00e9 s\u00e9pia, mais finalement, le r\u00e9sultat \u00e9tait trop \u2026\u00a0s\u00e9pia. C&rsquo;\u00e9tait sur la photo de l&rsquo;homme sous la tente. Finalement j&rsquo;ai juste d\u00e9satur\u00e9 fortement l&rsquo;image en couleur.<\/p>\n<p>&nbsp;<\/p>\n<p><strong>TiragesPro :<br \/>\n<\/strong>Au chapitre des essais, n&rsquo;avez-vous jamais \u00e9t\u00e9 tent\u00e9e par d&rsquo;autres styles de photo\u00a0? Paysages, photo de nature\u00a0?<\/p>\n<p><strong>Karine Malatier :<br \/>\n<\/strong>La photo de paysage ne me tente pas du tout, il me manquerait le regard des gens, l&rsquo;\u00e9motion du moment de vie. Il y a bien s\u00fbr de l&rsquo;\u00e9motion dans un paysage, mais \u00a0tout n&rsquo;est pas retransmissible sur une photo\u00a0: les odeurs, la chaleur, le vent, le contexte dans lequel on se trouve\u2026 \u00c7a ne passe pas. C&rsquo;est comme la macro, sympa \u00e0 voir, pas \u00e0 faire. Je serai peut-\u00eatre tent\u00e9e par la photo animali\u00e8re, par exemple les grands singes en Ouganda, \u00e7a m&rsquo;interresserait.<\/p>\n<p>Pour moi, la photo raconte une rencontre avec des gens, c&rsquo;est un t\u00e9moignage. Une seule photo peut suffire \u00e0 r\u00e9sumer tout un voyage, \u00e0 remplacer beaucoup de mots.<\/p>\n<p>Cependant, je ne me contente pas des portraits. Dans l&rsquo;expo de Lyon par exemple, la photo de couverture du catalogue repr\u00e9sente une mosqu\u00e9e, mais elle me plait par son c\u00f4t\u00e9 graphique, c&rsquo;est un lieu de rencontre, les femmes \u00e0 la fen\u00eatre sont d\u00e9contract\u00e9es, parfait pour une couverture. J&rsquo;ai h\u00e9sit\u00e9 avec une autre photo, une barri\u00e8re ouverte avec un stop rouill\u00e9 \u00e0 la fronti\u00e8re entre le S\u00e9n\u00e9gal et la Mauritanie, \u00e7a symbolisait l&rsquo;ouverture.<\/p>\n<p>Le temps manque pour tout essayer.<\/p>\n<p>&nbsp;<\/p>\n<p><strong>TiragesPro :<\/strong><br \/>\nComment vivez-vous le rapport \u00ab\u00a0photo-boulot\u00a0\u00bb, puisque vous n&rsquo;\u00eates pas photographe professionnelle ?<\/p>\n<p><strong>Karine Malatier :<\/strong><br \/>\nCe n&rsquo;est pas toujours simple, le temps est le gros probl\u00e8me. Mais je n&rsquo;exclu pas de faire de la photo mon m\u00e9tier, \u00e7a viendra peut-\u00eatre par la force des choses pour pouvoir vendre des tirages, \u2026 Il faut pouvoir en vivre.<\/p>\n<p>Passer pro n&rsquo;est pas mon but. Je voudrai pouvoir en vivre, mais sans \u00eatre oblig\u00e9e de faire des compromis, de traiter des sujets qui ne m&rsquo;int\u00e9ressent pas pour des questions d&rsquo;argent. En ce moment mon regard est plus serein, je n&rsquo;ai pas de contrainte financi\u00e8re en t\u00eate quand je photographie, \u00e7a correspond mieux \u00e0 mon approche, je ne cherche pas la reconnaissance \u00e0 tout prix, juste \u00e0 partager une certaine approche des autres, une sorte de philosophie.<\/p>\n<p>En dehors des contraintes de temps, avec mon \u00ab\u00a0vrai\u00a0\u00bb m\u00e9tier \u00e0 c\u00f4t\u00e9, j&rsquo;ai une r\u00e9elle libert\u00e9 de choix quant aux sujets que je veux traiter et quant \u00e0 la mani\u00e8re de le faire.<\/p>\n<p>&nbsp;<\/p>\n<p><strong>TiragesPro :<\/strong><br \/>\nAvez-vous d\u00e9j\u00e0 une autre id\u00e9e en t\u00eate apr\u00e8s cette superbe exposition sur le S\u00e9n\u00e9gal\u00a0?<\/p>\n<p><strong>Karine Malatier :<\/strong><br \/>\nRien de tr\u00e8s pr\u00e9cis. J&rsquo;ai r\u00e9cemment essay\u00e9 la prise de vue en studio avec des artistes. M\u00eame si c&rsquo;est moins spontan\u00e9, je ne pensais pas y prendre autant de plaisir. On peut faire ressortir les traits d&rsquo;une personnalit\u00e9. Pour \u00e7a, je pr\u00e9f\u00e8re les sujets qui ont une \u00ab\u00a0gueule\u00a0\u00bb, des rides, \u2026 C&rsquo;est un travail plus centr\u00e9 sur la personne, moins sur l&rsquo;\u00e9motion. J&rsquo;aime changer, essayer. Et travailler sur la technique de l&rsquo;\u00e9clairage apporte aussi beaucoup pour la ma\u00eetrise de la lumi\u00e8re en ext\u00e9rieur. Ma\u00eetriser la technique permet alors de se concentrer sur l&rsquo;essentiel\u00a0: l&rsquo;\u00e9motion. \u00c7a permet \u00e0 la photo de raconter des moments de vie, de parler en silence.<\/p>\n<p>&nbsp;<\/p>\n<p><strong>TiragesPro :<br \/>\n<\/strong><img data-recalc-dims=\"1\" alt=\"\" loading=\"lazy\" decoding=\"async\" class=\"alignright size-full wp-image-1127\" style=\"margin: 40px; border: 0px;\" title=\"Karine Malatier - \u00c9treinte\" src=\"https:\/\/i0.wp.com\/static.tirages-pro.com\/blog\/wp-content\/uploads\/2013\/09\/KarineMalatier-Photo-4.jpg?resize=240%2C240\" alt=\"\" width=\"240\" height=\"240\" srcset=\"https:\/\/i0.wp.com\/www.tirages-pro.com\/blog\/wp-content\/uploads\/2013\/09\/KarineMalatier-Photo-4.jpg?w=240&amp;ssl=1 240w, https:\/\/i0.wp.com\/www.tirages-pro.com\/blog\/wp-content\/uploads\/2013\/09\/KarineMalatier-Photo-4.jpg?resize=150%2C150&amp;ssl=1 150w\" sizes=\"auto, (max-width: 240px) 100vw, 240px\" \/>Merci Karine Malatier pour votre disponibilit\u00e9.<\/p>\n<p>Pour voir l&rsquo;exposition \u00ab\u00a0Une \u00e9toile brille sur le S\u00e9n\u00e9gal\u00a0\u00bb, rendez-vous du 8 septembre au 13 octobre 2012, galerie Fran\u00e7oise Souchaud, 35 rue Burdeau \u00e0 Lyon.<\/p>\n<p>Karine Malatier a choisi des tirages pigmentaires HDR sur papier\u00a0Hahnem\u00fchle Photo Rag Satin, 100% coton. Les grands formats s&rsquo;exposent en contrecollage sur Dibond, les formats carr\u00e9s en caisse am\u00e9ricaine noire. Sur les murs tant\u00f4t blancs, tant\u00f4t rouges de cette galerie o\u00f9 les pierres nues ont \u00e9galement leur place, le r\u00e9sultat, pour l&rsquo;avoir vu, est des plus flatteurs. \u00c0 ne surtout pas manquer\u00a0!<\/p>\n<p>Et pour ceux qui n&rsquo;auront pas eu la possibilit\u00e9 de s&rsquo;y d\u00e9placer, vous pouvez retrouver Karine Malatier sur son site\u00a0:\u00a0<a href=\"http:\/\/www.karinemalatier.com\" target=\"_blank\">www.karinemalatier.com<\/a><\/p>\n","protected":false},"excerpt":{"rendered":"<p>Premier prix du concours photo de la Fondation Krys. Laur\u00e9ate du concours photo \u00ab\u00a0\u00c0 chacun sa couleur\u00a0\u00bb. Premier prix \u00ab\u00a0International Photography Award\u00a0\u00bb \u00e0 New York, cat\u00e9gorie \u00ab\u00a0Lifestyle\u00a0\u00bb. Laur\u00e9ate du concours \u00ab\u00a0Regards crois\u00e9s, Saint-Germain des Pr\u00e9s\u00a0\u00bb. Voici un aper\u00e7u de la liste des prix remport\u00e9s depuis deux ans par Karine Malatier. Sc\u00e8nes de vie ou portraits [&hellip;]<\/p>\n","protected":false},"author":2,"featured_media":1259,"comment_status":"open","ping_status":"open","sticky":false,"template":"","format":"standard","meta":{"_seopress_robots_primary_cat":"","_seopress_titles_title":"","_seopress_titles_desc":"","_seopress_robots_index":"","inline_featured_image":false,"_themeisle_gutenberg_block_has_review":false,"footnotes":""},"categories":[27],"tags":[100,17,46,21,28,98,125,51,99],"class_list":["post-1095","post","type-post","status-publish","format-standard","has-post-thumbnail","hentry","category-rencontres","tag-caisse-americaine","tag-dibond","tag-exposition","tag-hahnemuhle","tag-interview","tag-karine-malatier","tag-noir-et-blanc","tag-photo-rag-satin","tag-senegal"],"_links":{"self":[{"href":"https:\/\/www.tirages-pro.com\/blog\/wp-json\/wp\/v2\/posts\/1095","targetHints":{"allow":["GET"]}}],"collection":[{"href":"https:\/\/www.tirages-pro.com\/blog\/wp-json\/wp\/v2\/posts"}],"about":[{"href":"https:\/\/www.tirages-pro.com\/blog\/wp-json\/wp\/v2\/types\/post"}],"author":[{"embeddable":true,"href":"https:\/\/www.tirages-pro.com\/blog\/wp-json\/wp\/v2\/users\/2"}],"replies":[{"embeddable":true,"href":"https:\/\/www.tirages-pro.com\/blog\/wp-json\/wp\/v2\/comments?post=1095"}],"version-history":[{"count":33,"href":"https:\/\/www.tirages-pro.com\/blog\/wp-json\/wp\/v2\/posts\/1095\/revisions"}],"predecessor-version":[{"id":2331,"href":"https:\/\/www.tirages-pro.com\/blog\/wp-json\/wp\/v2\/posts\/1095\/revisions\/2331"}],"wp:featuredmedia":[{"embeddable":true,"href":"https:\/\/www.tirages-pro.com\/blog\/wp-json\/wp\/v2\/media\/1259"}],"wp:attachment":[{"href":"https:\/\/www.tirages-pro.com\/blog\/wp-json\/wp\/v2\/media?parent=1095"}],"wp:term":[{"taxonomy":"category","embeddable":true,"href":"https:\/\/www.tirages-pro.com\/blog\/wp-json\/wp\/v2\/categories?post=1095"},{"taxonomy":"post_tag","embeddable":true,"href":"https:\/\/www.tirages-pro.com\/blog\/wp-json\/wp\/v2\/tags?post=1095"}],"curies":[{"name":"wp","href":"https:\/\/api.w.org\/{rel}","templated":true}]}}