{"id":1246,"date":"2012-10-27T17:58:48","date_gmt":"2012-10-27T15:58:48","guid":{"rendered":"http:\/\/www.tirages-pro.com\/blog\/?p=1246"},"modified":"2016-11-13T10:00:00","modified_gmt":"2016-11-13T09:00:00","slug":"tiragespro-vous-offre-une-invitation-au-salon-de-la-photo-2012","status":"publish","type":"post","link":"https:\/\/www.tirages-pro.com\/blog\/2012\/10\/tiragespro-vous-offre-une-invitation-au-salon-de-la-photo-2012\/","title":{"rendered":"TiragesPro vous offre une invitation au Salon de la Photo 2012"},"content":{"rendered":"<p>Nous aurons le plaisir de vous accueillir sur notre stand au Salon de la Photo de Paris du 8 au 12 novembre 2012, porte de Versailles.<!--more--><\/p>\n<p style=\"text-align: justify;\"><img data-recalc-dims=\"1\" alt=\"\" loading=\"lazy\" decoding=\"async\" class=\" wp-image-1253 alignright\" title=\"Invitation au Salon de la Photo 2012\" src=\"https:\/\/i0.wp.com\/static.tirages-pro.com\/blog\/wp-content\/uploads\/2012\/12\/Affiche-Invitation-SalonDeLaPhoto-2012.jpg?resize=320%2C546\" alt=\"\" width=\"320\" height=\"546\" srcset=\"https:\/\/i0.wp.com\/www.tirages-pro.com\/blog\/wp-content\/uploads\/2012\/12\/Affiche-Invitation-SalonDeLaPhoto-2012.jpg?w=400&amp;ssl=1 400w, https:\/\/i0.wp.com\/www.tirages-pro.com\/blog\/wp-content\/uploads\/2012\/12\/Affiche-Invitation-SalonDeLaPhoto-2012.jpg?resize=399%2C680&amp;ssl=1 399w, https:\/\/i0.wp.com\/www.tirages-pro.com\/blog\/wp-content\/uploads\/2012\/12\/Affiche-Invitation-SalonDeLaPhoto-2012.jpg?resize=176%2C300&amp;ssl=1 176w\" sizes=\"auto, (max-width: 320px) 100vw, 320px\" \/>Si vous n&rsquo;avez pas encore vos billets d&rsquo;entr\u00e9e, c&rsquo;est l<br \/>\ne moment de vous inscrire\u00a0:\u00a0TiragesPro et l&rsquo;organisation du salon s&rsquo;associent et vous offrent l&rsquo;entr\u00e9e\u00a0!<\/p>\n<p style=\"text-align: justify;\">Pour la recevoir, rendez-vous simplement sur <a href=\"http:\/\/www.invitationphoto.com\" target=\"_blank\">www.invitationphoto.com<\/a> et entrez le code <strong>TIPRO12<\/strong>.<\/p>\n<p style=\"text-align: justify;\">\u00c0 tr\u00e8s bient\u00f4t sur notre stand\u00a0!<\/p>\n","protected":false},"excerpt":{"rendered":"<p>Nous aurons le plaisir de vous accueillir sur notre stand au Salon de la Photo de Paris du 8 au 12 novembre 2012, porte de Versailles.<\/p>\n","protected":false},"author":10,"featured_media":1270,"comment_status":"open","ping_status":"open","sticky":false,"template":"","format":"standard","meta":{"_seopress_robots_primary_cat":"","_seopress_titles_title":"","_seopress_titles_desc":"","_seopress_robots_index":"","inline_featured_image":false,"_themeisle_gutenberg_block_has_review":false,"footnotes":""},"categories":[5],"tags":[106,107,105],"class_list":["post-1246","post","type-post","status-publish","format-standard","has-post-thumbnail","hentry","category-news","tag-invitation","tag-salon","tag-salon-de-la-photo"],"_links":{"self":[{"href":"https:\/\/www.tirages-pro.com\/blog\/wp-json\/wp\/v2\/posts\/1246","targetHints":{"allow":["GET"]}}],"collection":[{"href":"https:\/\/www.tirages-pro.com\/blog\/wp-json\/wp\/v2\/posts"}],"about":[{"href":"https:\/\/www.tirages-pro.com\/blog\/wp-json\/wp\/v2\/types\/post"}],"author":[{"embeddable":true,"href":"https:\/\/www.tirages-pro.com\/blog\/wp-json\/wp\/v2\/users\/10"}],"replies":[{"embeddable":true,"href":"https:\/\/www.tirages-pro.com\/blog\/wp-json\/wp\/v2\/comments?post=1246"}],"version-history":[{"count":19,"href":"https:\/\/www.tirages-pro.com\/blog\/wp-json\/wp\/v2\/posts\/1246\/revisions"}],"predecessor-version":[{"id":2335,"href":"https:\/\/www.tirages-pro.com\/blog\/wp-json\/wp\/v2\/posts\/1246\/revisions\/2335"}],"wp:featuredmedia":[{"embeddable":true,"href":"https:\/\/www.tirages-pro.com\/blog\/wp-json\/wp\/v2\/media\/1270"}],"wp:attachment":[{"href":"https:\/\/www.tirages-pro.com\/blog\/wp-json\/wp\/v2\/media?parent=1246"}],"wp:term":[{"taxonomy":"category","embeddable":true,"href":"https:\/\/www.tirages-pro.com\/blog\/wp-json\/wp\/v2\/categories?post=1246"},{"taxonomy":"post_tag","embeddable":true,"href":"https:\/\/www.tirages-pro.com\/blog\/wp-json\/wp\/v2\/tags?post=1246"}],"curies":[{"name":"wp","href":"https:\/\/api.w.org\/{rel}","templated":true}]}}