{"id":1627,"date":"2013-11-14T18:00:11","date_gmt":"2013-11-14T17:00:11","guid":{"rendered":"http:\/\/www.tirages-pro.com\/blog\/?p=1627"},"modified":"2016-11-13T09:49:57","modified_gmt":"2016-11-13T08:49:57","slug":"laureats-concours-montier-en-der-2013","status":"publish","type":"post","link":"https:\/\/www.tirages-pro.com\/blog\/2013\/11\/laureats-concours-montier-en-der-2013\/","title":{"rendered":"Les laur\u00e9ats du concours \u00ab\u00a0TiragesPro vous expose\u00a0\u00bb 2013 sont&#8230;"},"content":{"rendered":"<p style=\"text-align: justify;\">Le troisi\u00e8me concours \u00ab\u00a0TiragesPro vous expose\u00a0\u00bb s&rsquo;est termin\u00e9 mardi soir \u00e0 minuit avec 391 participations\u00a0!<\/p>\n<p style=\"text-align: justify;\">Un concours hyperprot\u00e9in\u00e9\u00a0cette ann\u00e9e, avec principalement des photos animali\u00e8res et des macros d&rsquo;insectes, mais peu de paysages ou de plantes. D\u00e9couvrez sans plus attendre les laur\u00e9ats de notre concours.\u00a0<!--more--><\/p>\n<p style=\"text-align: justify;\">Une fois de plus, la s\u00e9lection fut \u00a0difficile, tr\u00e8s difficile m\u00eame. Nous avons d\u00fb mettre de c\u00f4t\u00e9 des photos qui pourtant nous plaisaient, jusqu&rsquo;\u00e0 atteindre le nombre souhait\u00e9 de cinq. <a href=\"http:\/\/www.revuephoto.com\/\" target=\"_blank\">RevuePhoto<\/a> et <a href=\"http:\/\/www.macro-nature.fr\/forum\/\" target=\"_blank\">Macronature<\/a>\u00a0ont \u00e9galement fait leur choix en s\u00e9lectionnant chacun une image. Ceci nous fait 7 images au total.\u00a0<\/p>\n<p style=\"text-align: justify;\">Pour ceux qui n&rsquo;auraient pas lu <a title=\"TiragesPro vous expose \u00e0 Montier-en-Der 2013\u00a0!\" href=\"https:\/\/www.tirages-pro.com\/blog\/2013\/10\/concours-tiragespro-vous-expose-a-montier-en-der-2013\/\">l&rsquo;article<\/a> de lancement du concours, les 7 photos laur\u00e9ates seront expos\u00e9es sur notre stand au festival de la photo animali\u00e8re et de nature de Montier-en-Der du 21 au 24 novembre 2013. Les auteurs des photos prim\u00e9es recevront leur tirage chez eux ou pourront le retirer \u00e0 Montier \u00e0 l&rsquo;issue du festival.\u00a0<\/p>\n<p style=\"text-align: justify;\">Nous remercions infiniment tous les participants pour leurs envois nombreux et vous donnons rendez-vous sur notre stand \u00e0 l&rsquo;Ufolep, \u00e0 Montier-en-Der \u00e0 partir de jeudi prochain.\u00a0<\/p>\n<p style=\"text-align: justify;\">Et voici le palmar\u00e8s\u00a0:\u00a0<\/p>\n<h2>Le Grand Prix du jury TiragesPro<\/h2>\n<figure id=\"attachment_1632\" aria-describedby=\"caption-attachment-1632\" style=\"width: 592px\" class=\"wp-caption aligncenter\"><img data-recalc-dims=\"1\" loading=\"lazy\" decoding=\"async\" class=\"size-full wp-image-1632\" alt=\"Nicolas Orillard-Demaire - Not Mine !\" src=\"https:\/\/i0.wp.com\/static.tirages-pro.com\/blog\/wp-content\/uploads\/2013\/11\/Orillard-demaire_Nicolas_ORIGINAL.jpg?resize=592%2C395\" width=\"592\" height=\"395\" srcset=\"https:\/\/i0.wp.com\/www.tirages-pro.com\/blog\/wp-content\/uploads\/2013\/11\/Orillard-demaire_Nicolas_ORIGINAL.jpg?w=592&amp;ssl=1 592w, https:\/\/i0.wp.com\/www.tirages-pro.com\/blog\/wp-content\/uploads\/2013\/11\/Orillard-demaire_Nicolas_ORIGINAL.jpg?resize=300%2C200&amp;ssl=1 300w\" sizes=\"auto, (max-width: 592px) 100vw, 592px\" \/><figcaption id=\"caption-attachment-1632\" class=\"wp-caption-text\"><em>Not Mine !<\/em> de Nicolas Orillard-Demaire<\/figcaption><\/figure>\n<h2>Le Grand Prix du jury RevuePhoto<\/h2>\n<figure id=\"attachment_1631\" aria-describedby=\"caption-attachment-1631\" style=\"width: 393px\" class=\"wp-caption aligncenter\"><img data-recalc-dims=\"1\" loading=\"lazy\" decoding=\"async\" class=\"size-full wp-image-1631\" alt=\"Olivier Mattelart - Innocence\" src=\"https:\/\/i0.wp.com\/static.tirages-pro.com\/blog\/wp-content\/uploads\/2013\/11\/Mattelart_Olivier_ORIGINAL.jpg?resize=393%2C592\" width=\"393\" height=\"592\" srcset=\"https:\/\/i0.wp.com\/www.tirages-pro.com\/blog\/wp-content\/uploads\/2013\/11\/Mattelart_Olivier_ORIGINAL.jpg?w=393&amp;ssl=1 393w, https:\/\/i0.wp.com\/www.tirages-pro.com\/blog\/wp-content\/uploads\/2013\/11\/Mattelart_Olivier_ORIGINAL.jpg?resize=199%2C300&amp;ssl=1 199w\" sizes=\"auto, (max-width: 393px) 100vw, 393px\" \/><figcaption id=\"caption-attachment-1631\" class=\"wp-caption-text\"><em>Innocence<\/em> de Olivier Mattelart<\/figcaption><\/figure>\n<h2>Le Grand Prix du jury MacroNature<\/h2>\n<figure id=\"attachment_1635\" aria-describedby=\"caption-attachment-1635\" style=\"width: 592px\" class=\"wp-caption aligncenter\"><img data-recalc-dims=\"1\" loading=\"lazy\" decoding=\"async\" class=\"size-full wp-image-1635\" alt=\"Alain Rogati - Tant que les cerfs brameront\" src=\"https:\/\/i0.wp.com\/static.tirages-pro.com\/blog\/wp-content\/uploads\/2013\/11\/Rogati_Alain_ORIGINAL.jpg?resize=592%2C395\" width=\"592\" height=\"395\" srcset=\"https:\/\/i0.wp.com\/www.tirages-pro.com\/blog\/wp-content\/uploads\/2013\/11\/Rogati_Alain_ORIGINAL.jpg?w=592&amp;ssl=1 592w, https:\/\/i0.wp.com\/www.tirages-pro.com\/blog\/wp-content\/uploads\/2013\/11\/Rogati_Alain_ORIGINAL.jpg?resize=300%2C200&amp;ssl=1 300w\" sizes=\"auto, (max-width: 592px) 100vw, 592px\" \/><figcaption id=\"caption-attachment-1635\" class=\"wp-caption-text\"><em>Tant que les cerfs brameront<\/em> de Alain Rogati<\/figcaption><\/figure>\n<h2>Les Prix du jury TiragesPro par ordre alphab\u00e9tique<\/h2>\n<figure id=\"attachment_1629\" aria-describedby=\"caption-attachment-1629\" style=\"width: 395px\" class=\"wp-caption aligncenter\"><img data-recalc-dims=\"1\" loading=\"lazy\" decoding=\"async\" class=\"size-full wp-image-1629\" alt=\"Thomas Delahaye - Cosmo Apollo\" src=\"https:\/\/i0.wp.com\/static.tirages-pro.com\/blog\/wp-content\/uploads\/2013\/11\/Delahaye_Thomas_ORIGINAL.jpg?resize=395%2C592\" width=\"395\" height=\"592\" srcset=\"https:\/\/i0.wp.com\/www.tirages-pro.com\/blog\/wp-content\/uploads\/2013\/11\/Delahaye_Thomas_ORIGINAL.jpg?w=395&amp;ssl=1 395w, https:\/\/i0.wp.com\/www.tirages-pro.com\/blog\/wp-content\/uploads\/2013\/11\/Delahaye_Thomas_ORIGINAL.jpg?resize=200%2C300&amp;ssl=1 200w\" sizes=\"auto, (max-width: 395px) 100vw, 395px\" \/><figcaption id=\"caption-attachment-1629\" class=\"wp-caption-text\"><em>Cosmo Apollo<\/em> de Thomas Delahaye<\/figcaption><\/figure>\n<p>&nbsp;<\/p>\n<figure id=\"attachment_1630\" aria-describedby=\"caption-attachment-1630\" style=\"width: 592px\" class=\"wp-caption aligncenter\"><img data-recalc-dims=\"1\" loading=\"lazy\" decoding=\"async\" class=\"size-full wp-image-1630\" alt=\"David Guigue - Deep purple\" src=\"https:\/\/i0.wp.com\/static.tirages-pro.com\/blog\/wp-content\/uploads\/2013\/11\/Guigue_David_ORIGINAL.jpg?resize=592%2C395\" width=\"592\" height=\"395\" srcset=\"https:\/\/i0.wp.com\/www.tirages-pro.com\/blog\/wp-content\/uploads\/2013\/11\/Guigue_David_ORIGINAL.jpg?w=592&amp;ssl=1 592w, https:\/\/i0.wp.com\/www.tirages-pro.com\/blog\/wp-content\/uploads\/2013\/11\/Guigue_David_ORIGINAL.jpg?resize=300%2C200&amp;ssl=1 300w\" sizes=\"auto, (max-width: 592px) 100vw, 592px\" \/><figcaption id=\"caption-attachment-1630\" class=\"wp-caption-text\"><em>Deep purple<\/em> de David Guigue<\/figcaption><\/figure>\n<p>&nbsp;<\/p>\n<figure id=\"attachment_1634\" aria-describedby=\"caption-attachment-1634\" style=\"width: 592px\" class=\"wp-caption aligncenter\"><img data-recalc-dims=\"1\" loading=\"lazy\" decoding=\"async\" class=\"size-full wp-image-1634\" alt=\"David Potron - Les ombres de l'aube\" src=\"https:\/\/i0.wp.com\/static.tirages-pro.com\/blog\/wp-content\/uploads\/2013\/11\/Potron_David_ORIGINAL.jpg?resize=592%2C395\" width=\"592\" height=\"395\" srcset=\"https:\/\/i0.wp.com\/www.tirages-pro.com\/blog\/wp-content\/uploads\/2013\/11\/Potron_David_ORIGINAL.jpg?w=592&amp;ssl=1 592w, https:\/\/i0.wp.com\/www.tirages-pro.com\/blog\/wp-content\/uploads\/2013\/11\/Potron_David_ORIGINAL.jpg?resize=300%2C200&amp;ssl=1 300w\" sizes=\"auto, (max-width: 592px) 100vw, 592px\" \/><figcaption id=\"caption-attachment-1634\" class=\"wp-caption-text\"><em>Les ombres de l&rsquo;aube<\/em> de David Potron<\/figcaption><\/figure>\n<p>&nbsp;<\/p>\n<figure id=\"attachment_1636\" aria-describedby=\"caption-attachment-1636\" style=\"width: 592px\" class=\"wp-caption aligncenter\"><img data-recalc-dims=\"1\" loading=\"lazy\" decoding=\"async\" class=\"size-full wp-image-1636\" alt=\"David Wolberg - La rencontre\" src=\"https:\/\/i0.wp.com\/static.tirages-pro.com\/blog\/wp-content\/uploads\/2013\/11\/Wolberg_David_ORIGINAL.jpg?resize=592%2C388\" width=\"592\" height=\"388\" srcset=\"https:\/\/i0.wp.com\/www.tirages-pro.com\/blog\/wp-content\/uploads\/2013\/11\/Wolberg_David_ORIGINAL.jpg?w=592&amp;ssl=1 592w, https:\/\/i0.wp.com\/www.tirages-pro.com\/blog\/wp-content\/uploads\/2013\/11\/Wolberg_David_ORIGINAL.jpg?resize=300%2C197&amp;ssl=1 300w\" sizes=\"auto, (max-width: 592px) 100vw, 592px\" \/><figcaption id=\"caption-attachment-1636\" class=\"wp-caption-text\"><em>La rencontre<\/em> de David Wolberg<\/figcaption><\/figure>\n<p>&nbsp;<\/p>\n<p>C&rsquo;est d\u00e9cid\u00e9ment une tr\u00e8s belle s\u00e9lection que vous pourrez admirer en grand format \u00e0 l&rsquo;Ufolep \u00e0 Montier-en-Der.\u00a0Encore merci \u00e0 tous les participants, et bravo \u00e0 nos sept laur\u00e9ats !<\/p>\n","protected":false},"excerpt":{"rendered":"<p>Le troisi\u00e8me concours \u00ab\u00a0TiragesPro vous expose\u00a0\u00bb s&rsquo;est termin\u00e9 mardi soir \u00e0 minuit avec 391 participations\u00a0! Un concours hyperprot\u00e9in\u00e9\u00a0cette ann\u00e9e, avec principalement des photos animali\u00e8res et des macros d&rsquo;insectes, mais peu de paysages ou de plantes. D\u00e9couvrez sans plus attendre les laur\u00e9ats de notre concours.\u00a0<\/p>\n","protected":false},"author":10,"featured_media":1633,"comment_status":"open","ping_status":"open","sticky":false,"template":"","format":"standard","meta":{"_seopress_robots_primary_cat":"","_seopress_titles_title":"","_seopress_titles_desc":"","_seopress_robots_index":"","inline_featured_image":false,"_themeisle_gutenberg_block_has_review":false,"footnotes":""},"categories":[47],"tags":[42,131,43,130],"class_list":["post-1627","post","type-post","status-publish","format-standard","has-post-thumbnail","hentry","category-concours","tag-concours","tag-macronature","tag-montier-en-der","tag-revuephoto"],"_links":{"self":[{"href":"https:\/\/www.tirages-pro.com\/blog\/wp-json\/wp\/v2\/posts\/1627","targetHints":{"allow":["GET"]}}],"collection":[{"href":"https:\/\/www.tirages-pro.com\/blog\/wp-json\/wp\/v2\/posts"}],"about":[{"href":"https:\/\/www.tirages-pro.com\/blog\/wp-json\/wp\/v2\/types\/post"}],"author":[{"embeddable":true,"href":"https:\/\/www.tirages-pro.com\/blog\/wp-json\/wp\/v2\/users\/10"}],"replies":[{"embeddable":true,"href":"https:\/\/www.tirages-pro.com\/blog\/wp-json\/wp\/v2\/comments?post=1627"}],"version-history":[{"count":17,"href":"https:\/\/www.tirages-pro.com\/blog\/wp-json\/wp\/v2\/posts\/1627\/revisions"}],"predecessor-version":[{"id":1641,"href":"https:\/\/www.tirages-pro.com\/blog\/wp-json\/wp\/v2\/posts\/1627\/revisions\/1641"}],"wp:featuredmedia":[{"embeddable":true,"href":"https:\/\/www.tirages-pro.com\/blog\/wp-json\/wp\/v2\/media\/1633"}],"wp:attachment":[{"href":"https:\/\/www.tirages-pro.com\/blog\/wp-json\/wp\/v2\/media?parent=1627"}],"wp:term":[{"taxonomy":"category","embeddable":true,"href":"https:\/\/www.tirages-pro.com\/blog\/wp-json\/wp\/v2\/categories?post=1627"},{"taxonomy":"post_tag","embeddable":true,"href":"https:\/\/www.tirages-pro.com\/blog\/wp-json\/wp\/v2\/tags?post=1627"}],"curies":[{"name":"wp","href":"https:\/\/api.w.org\/{rel}","templated":true}]}}