{"id":1752,"date":"2014-08-05T18:00:54","date_gmt":"2014-08-05T16:00:54","guid":{"rendered":"http:\/\/www.tirages-pro.com\/blog\/?p=1752"},"modified":"2017-11-06T08:59:18","modified_gmt":"2017-11-06T07:59:18","slug":"concours-tiragespro-gueugnon-2014","status":"publish","type":"post","link":"https:\/\/www.tirages-pro.com\/blog\/2014\/08\/concours-tiragespro-gueugnon-2014\/","title":{"rendered":"TiragesPro vous expose \u00e0&#8230; Gueugnon !"},"content":{"rendered":"<figure id=\"attachment_1764\" aria-describedby=\"caption-attachment-1764\" style=\"width: 211px\" class=\"wp-caption alignleft\"><a href=\"http:\/\/www.adacb.org\/rpng\/flyer_RPNG-2014.pdf\"><img data-recalc-dims=\"1\" loading=\"lazy\" decoding=\"async\" class=\"size-medium wp-image-1764\" src=\"https:\/\/i0.wp.com\/www.tirages-pro.com\/blog\/wp-content\/uploads\/2014\/08\/10440107_278092815696917_7186729765093514025_n.jpg?resize=211%2C300&#038;ssl=1\" alt=\"Rencontres Photo Nature de Geugnon\" width=\"211\" height=\"300\" srcset=\"https:\/\/i0.wp.com\/www.tirages-pro.com\/blog\/wp-content\/uploads\/2014\/08\/10440107_278092815696917_7186729765093514025_n.jpg?resize=211%2C300&amp;ssl=1 211w, https:\/\/i0.wp.com\/www.tirages-pro.com\/blog\/wp-content\/uploads\/2014\/08\/10440107_278092815696917_7186729765093514025_n.jpg?w=338&amp;ssl=1 338w\" sizes=\"auto, (max-width: 211px) 100vw, 211px\" \/><\/a><figcaption id=\"caption-attachment-1764\" class=\"wp-caption-text\">L&rsquo;affiche des Rencontres Photo Nature de Geunon 2014.<\/figcaption><\/figure>\n<p style=\"text-align: justify;\">La 2\u00e8me \u00e9dition des Rencontres Photo Nature de Gueugnon aura lieu du 29 au 31 ao\u00fbt et TiragesPro sera de la partie.<\/p>\n<p style=\"text-align: justify;\">Pourquoi ? Tout simplement parce que la philosophie de cette manifestation et l&rsquo;\u00e9quipe d&rsquo;organisation nous plaisent !<\/p>\n<p style=\"text-align: justify;\">Oui \u00e0 l&rsquo;id\u00e9e de mettre en valeur des photographes dans une ambiance de rencontre photographique.<\/p>\n<p style=\"text-align: justify;\">Oui au respect\u00a0des photographes expos\u00e9s en leur proposant des stands dignes de ce nom, avec des murs respectueux de leurs images et -un truc de dingue- avec un \u00e9clairage de qualit\u00e9 fourni par l&rsquo;organisation !<\/p>\n<p style=\"text-align: justify;\">Et enfin,\u00a0oui\u00a0\u00e0 l&rsquo;\u00e9quipe\u00a0venue nous voir l&rsquo;ann\u00e9e derni\u00e8re avec un\u00a0projet qui leur tenait \u00e0 c\u0153ur en nous le pr\u00e9sentant de mani\u00e8re honn\u00eate !<\/p>\n<p style=\"text-align: justify;\">Et puis, soutenir un jeune festival, \u00e7a nous plait.<\/p>\n<p style=\"text-align: justify;\">Alors cette ann\u00e9e, TiragesPro vous expose \u00e0 Gueugnon !<\/p>\n<p style=\"text-align: justify;\"><!--more--><\/p>\n<h2 style=\"text-align: justify;\">Les th\u00e8mes<\/h2>\n<p style=\"text-align: justify;\">Un seul th\u00e8me cette fois-ci, et c&rsquo;en est un plut\u00f4t \u00e9vident : <strong>la photo de nature<\/strong>. Bien s\u00fbr, vous pouvez participer avec une photo animali\u00e8re, de paysage, de macro&#8230; Et les photos qui respirent la chlorophylle et le grand air auront de grandes chances d&rsquo;\u00eatre s\u00e9lectionn\u00e9es.<\/p>\n<figure id=\"attachment_1632\" aria-describedby=\"caption-attachment-1632\" style=\"width: 592px\" class=\"wp-caption aligncenter\"><img data-recalc-dims=\"1\" loading=\"lazy\" decoding=\"async\" class=\"size-full wp-image-1632\" src=\"https:\/\/i0.wp.com\/www.tirages-pro.com\/blog\/wp-content\/uploads\/2013\/11\/Orillard-demaire_Nicolas_ORIGINAL.jpg?resize=592%2C395&#038;ssl=1\" alt=\"Nicolas Orillard-Demaire - Not Mine !\" width=\"592\" height=\"395\" srcset=\"https:\/\/i0.wp.com\/www.tirages-pro.com\/blog\/wp-content\/uploads\/2013\/11\/Orillard-demaire_Nicolas_ORIGINAL.jpg?w=592&amp;ssl=1 592w, https:\/\/i0.wp.com\/www.tirages-pro.com\/blog\/wp-content\/uploads\/2013\/11\/Orillard-demaire_Nicolas_ORIGINAL.jpg?resize=300%2C200&amp;ssl=1 300w\" sizes=\"auto, (max-width: 592px) 100vw, 592px\" \/><figcaption id=\"caption-attachment-1632\" class=\"wp-caption-text\">L&rsquo;originalit\u00e9 sera r\u00e9compens\u00e9e !<br \/>Nicolas Orillard-Demaire &#8211; Not Mine ! Prim\u00e9 en 2013 \u00e0 notre concours Montier-en-Der.<\/figcaption><\/figure>\n<p style=\"text-align: justify;\">Concernant l&rsquo;ann\u00e9e derni\u00e8re, il nous avait \u00e9t\u00e9 reproch\u00e9 de n&rsquo;avoir pas choisi de photo de paysage. Et il est vrai que nous avions involontairement manqu\u00e9 de pr\u00e9cision en r\u00e9digeant l&rsquo;article de lancement du concours. Cette fois-ci, l&rsquo;unique th\u00e8me est la photo de nature, il est donc possible que la s\u00e9lection finale ne pr\u00e9sente pas une ou plusieurs des facettes de la photo de nature.<\/p>\n<h2 style=\"text-align: justify;\">Combien de gagnants ? Qui gagne ?<\/h2>\n<p style=\"text-align: justify;\"><strong>Un minimum de cinq gagnants<\/strong> sera s\u00e9lectionn\u00e9 par notre jury.<\/p>\n<h2 style=\"text-align: justify;\">Que gagne-t-on ?<\/h2>\n<p style=\"text-align: justify;\">Les images gagnantes seront tir\u00e9es par TiragesPro sur les papiers et dans les finitions pr\u00eates \u00e0 expos\u00e9es propos\u00e9es habituellement sur notre site. Le format minimum est de 60 cm sur le grand c\u00f4t\u00e9 (60 x 40 cm par exemple).<\/p>\n<p style=\"text-align: justify;\">Nous exposerons les tirages sur notre stand aux Rencontres Photo Nature de Gueugnon, avec un cartel indiquant votre nom, le titre de votre image (si indiqu\u00e9 sur le fichier), le papier et la finition choisis. Nous enverrons ensuite les photos aux gagnants qui ne sont pas venus sur place les chercher eux m\u00eames.<\/p>\n<figure id=\"attachment_1761\" aria-describedby=\"caption-attachment-1761\" style=\"width: 591px\" class=\"wp-caption aligncenter\"><img data-recalc-dims=\"1\" loading=\"lazy\" decoding=\"async\" class=\"size-full wp-image-1761\" src=\"https:\/\/i0.wp.com\/www.tirages-pro.com\/blog\/wp-content\/uploads\/2014\/08\/MG_7494.jpg?resize=591%2C360&#038;ssl=1\" alt=\"Stand Montier 2013\" width=\"591\" height=\"360\" srcset=\"https:\/\/i0.wp.com\/www.tirages-pro.com\/blog\/wp-content\/uploads\/2014\/08\/MG_7494.jpg?w=591&amp;ssl=1 591w, https:\/\/i0.wp.com\/www.tirages-pro.com\/blog\/wp-content\/uploads\/2014\/08\/MG_7494.jpg?resize=300%2C183&amp;ssl=1 300w\" sizes=\"auto, (max-width: 591px) 100vw, 591px\" \/><figcaption id=\"caption-attachment-1761\" class=\"wp-caption-text\">Exemple de pr\u00e9sentation sur notre stand de Montier-en-Der en 2013.<\/figcaption><\/figure>\n<p style=\"text-align: justify;\">Sauf demande de votre part, chaque image sera post\u00e9e sur les r\u00e9seaux sociaux, et notamment sur notre <a href=\"https:\/\/www.facebook.com\/tiragespro\" target=\"_blank\">page Facebook<\/a>.<\/p>\n<h2 style=\"text-align: justify;\">Comment participer ?<\/h2>\n<p style=\"text-align: justify;\">C&rsquo;est simple, il suffit de nous envoyer votre image via<strong> <a href=\"http:\/\/www.tirages-pro.com\/Contest\/\">ce formulaire<\/a>\u00a0<\/strong>avant <strong>jeudi 14 ao\u00fbt 2014, \u00e0 minuit<\/strong>. Votre participation devra comporter :<\/p>\n<ul style=\"text-align: justify;\">\n<li>Votre image au format JPEG ou TIFF dans ses dimensions maximales, sans \u00e9tirer le fichier et <strong>sans lettrage, watermark, ou copyright\u00a0<\/strong>car les images seront tir\u00e9es imm\u00e9diatement apr\u00e8s la fin du concours.<\/li>\n<li>Le titre de la photo.<\/li>\n<li>Vos noms et pr\u00e9noms complets (pas de pseudos sans noms et pr\u00e9noms).<\/li>\n<li>Un num\u00e9ro de t\u00e9l\u00e9phone auquel nous pourrions vous joindre facilement.<\/li>\n<li>Votre adresse postale, pour vous envoyer le tirage si n\u00e9cessaire.<\/li>\n<\/ul>\n<h2 style=\"text-align: justify;\">R\u00e8glement<\/h2>\n<p style=\"text-align: justify;\">\u00a0Le r\u00e8glement est en accord avec la <a href=\"http:\/\/www.concoursequitable.com\" target=\"_blank\">Charte du concours \u00e9quitable<\/a>.<\/p>\n<ul style=\"text-align: justify;\">\n<li>Le concours est gratuit et ouvert \u00e0 tous, professionnels comme amateurs. Il est ind\u00e9pendant d\u2019\u00e9ventuels concours organis\u00e9s par les salons et festivals auxquels nous participons.<\/li>\n<li><strong>En aucun cas TiragesPro ou ses partenaires ne sont autoris\u00e9s \u00e0 s\u2019approprier les droits des images pr\u00e9sent\u00e9es.<\/strong>\u00a0Le montant des ventes \u00e9ventuelles des tirages pendant l\u2019exposition sera revers\u00e9 int\u00e9gralement aux photographes.<\/li>\n<li>Le concours prend fin le 14 ao\u00fbt 2014 \u00e0 minuit, heure fran\u00e7aise. L\u2019heure d\u2019arriv\u00e9e sur nos serveurs fait foi.<\/li>\n<li>Les participants doivent \u00eatre en possession de la totalit\u00e9 des droits de l\u2019image par laquelle ils se portent candidats.<\/li>\n<li>Une seule image doit \u00eatre envoy\u00e9e par participant. En cas d\u2019envois multiples, seule la premi\u00e8re participation sera conserv\u00e9e.\u00a0Le non respect du th\u00e8me, de l\u2019\u00e9thique ou des conditions du concours ainsi que toute tentative de fraude sont \u00e9liminatoires.<\/li>\n<li>Les recadrages, retouches chromatiques globales ou par zones, virages N&amp;B ou couleur et suppressions d\u2019\u00e9l\u00e9ments g\u00eanants sont autoris\u00e9s dans la limite du raisonnable. Photoshop, Lightroom et Aperture to the rescue\u00a0! Tous les formats (carr\u00e9, 4\/3, 3\/2, panoramique, etc.) sont autoris\u00e9s.<\/li>\n<li>Les scans de clich\u00e9s argentiques, couleurs ou N&amp;B, retouch\u00e9s ou non, sont autoris\u00e9s.<\/li>\n<li>Le lettrage et les ajouts de cadres, marges, fioritures ou d\u2019\u00e9l\u00e9ments \u00e0 l\u2019image<strong>\u00a0sont interdits<\/strong>. Pas de mouettes dans le ciel quand il n\u2019y en avait pas\u2026<\/li>\n<li>En envoyant votre candidature, vous autorisez TiragesPro et ses partenaires \u00e0 partager \u00e9ventuellement votre photo sur leurs sites, leurs blogs ou les r\u00e9seaux sociaux en la redimensionnant \u00e0 1024 pixels maximum sur le grand c\u00f4t\u00e9 et en y associant votre nom.<\/li>\n<li>Les photographes prim\u00e9s autorisent TiragesPro \u00e0 exposer un unique tirage de 60 cm de longueur minimum sur son stand aux Rencontres Photo Nature de Gueugnon en ao\u00fbt 2014.<\/li>\n<li>Le jury impartial compos\u00e9 de membres de TiragesPro, de ses partenaires et d\u2019intervenants ind\u00e9pendants, est souverain.<\/li>\n<li>Les organisateurs du concours ne pourront \u00eatre tenus responsables suite \u00e0 tous probl\u00e8mes li\u00e9s au d\u00e9roulement du concours, qu\u2019il s\u2019agisse d\u2019une erreur humaine, informatique, ou autre.<\/li>\n<\/ul>\n","protected":false},"excerpt":{"rendered":"<p>La 2\u00e8me \u00e9dition des Rencontres Photo Nature de Gueugnon aura lieu du 29 au 31 ao\u00fbt et TiragesPro sera de la partie. Pourquoi ? Tout simplement parce que la philosophie de cette manifestation et l&rsquo;\u00e9quipe d&rsquo;organisation nous plaisent ! Oui \u00e0 l&rsquo;id\u00e9e de mettre en valeur des photographes dans une ambiance de rencontre photographique. Oui [&hellip;]<\/p>\n","protected":false},"author":10,"featured_media":0,"comment_status":"open","ping_status":"open","sticky":false,"template":"","format":"standard","meta":{"_seopress_robots_primary_cat":"","_seopress_titles_title":"","_seopress_titles_desc":"","_seopress_robots_index":"","inline_featured_image":false,"_themeisle_gutenberg_block_has_review":false,"footnotes":""},"categories":[47],"tags":[],"class_list":["post-1752","post","type-post","status-publish","format-standard","hentry","category-concours"],"_links":{"self":[{"href":"https:\/\/www.tirages-pro.com\/blog\/wp-json\/wp\/v2\/posts\/1752","targetHints":{"allow":["GET"]}}],"collection":[{"href":"https:\/\/www.tirages-pro.com\/blog\/wp-json\/wp\/v2\/posts"}],"about":[{"href":"https:\/\/www.tirages-pro.com\/blog\/wp-json\/wp\/v2\/types\/post"}],"author":[{"embeddable":true,"href":"https:\/\/www.tirages-pro.com\/blog\/wp-json\/wp\/v2\/users\/10"}],"replies":[{"embeddable":true,"href":"https:\/\/www.tirages-pro.com\/blog\/wp-json\/wp\/v2\/comments?post=1752"}],"version-history":[{"count":30,"href":"https:\/\/www.tirages-pro.com\/blog\/wp-json\/wp\/v2\/posts\/1752\/revisions"}],"predecessor-version":[{"id":4175,"href":"https:\/\/www.tirages-pro.com\/blog\/wp-json\/wp\/v2\/posts\/1752\/revisions\/4175"}],"wp:attachment":[{"href":"https:\/\/www.tirages-pro.com\/blog\/wp-json\/wp\/v2\/media?parent=1752"}],"wp:term":[{"taxonomy":"category","embeddable":true,"href":"https:\/\/www.tirages-pro.com\/blog\/wp-json\/wp\/v2\/categories?post=1752"},{"taxonomy":"post_tag","embeddable":true,"href":"https:\/\/www.tirages-pro.com\/blog\/wp-json\/wp\/v2\/tags?post=1752"}],"curies":[{"name":"wp","href":"https:\/\/api.w.org\/{rel}","templated":true}]}}