{"id":1816,"date":"2014-10-29T18:00:31","date_gmt":"2014-10-29T17:00:31","guid":{"rendered":"http:\/\/www.tirages-pro.com\/blog\/?p=1816"},"modified":"2017-11-06T08:59:20","modified_gmt":"2017-11-06T07:59:20","slug":"tiragespro-vous-expose-a-montier-en-der-2014","status":"publish","type":"post","link":"https:\/\/www.tirages-pro.com\/blog\/2014\/10\/tiragespro-vous-expose-a-montier-en-der-2014\/","title":{"rendered":"TiragesPro vous expose \u00e0 Montier-en-Der 2014 !"},"content":{"rendered":"<p style=\"text-align: justify;\">Signore e signori, voici la 4\u00e8me \u00e9dition de notre concours TiragesPro vous expose au festival de la photographie nature de Montier-en-Der ! Nouveaut\u00e9 cette ann\u00e9e :\u00a02 chances\u00a0de gagner puisque nous ajoutons une nouvelle cat\u00e9gorie \u00e0 celle existante. Plus d&rsquo;infos ci-dessous !\u00a0<!--more--><\/p>\n<h2 style=\"text-align: justify;\">Le festival de Montier-en-Der<\/h2>\n<figure id=\"attachment_1823\" aria-describedby=\"caption-attachment-1823\" style=\"width: 211px\" class=\"wp-caption alignleft\"><img data-recalc-dims=\"1\" loading=\"lazy\" decoding=\"async\" class=\"size-medium wp-image-1823\" src=\"https:\/\/i0.wp.com\/www.tirages-pro.com\/blog\/wp-content\/uploads\/2015\/10\/affiche.jpg?resize=211%2C300&#038;ssl=1\" alt=\"L'affiche du festival. Photo de Laurent Geslin\" width=\"211\" height=\"300\" \/><figcaption id=\"caption-attachment-1823\" class=\"wp-caption-text\">L&rsquo;affiche du festival. Photo de Laurent Geslin<\/figcaption><\/figure>\n<p style=\"text-align: justify;\">Le <a href=\"http:\/\/www.festiphoto-montier.org\/\" target=\"_blank\">festival international de la photographie animali\u00e8re et de nature de Montier-en-Der<\/a> est le\u00a0rendez-vous incontournable des\u00a0photographes de nature, professionnels comme amateurs. Avec chaque ann\u00e9e plusieurs dizaines de milliers de visiteurs (environ 40 000 en 2013), c&rsquo;est aussi l&rsquo;occasion r\u00eav\u00e9e pour les photographes de montrer leur travail au public.<\/p>\n<p style=\"text-align: justify;\">C&rsquo;est ni plus, ni moins la chance\u00a0d&rsquo;exposer sur notre stand lors de ce prestigieux festival que nous vous offrons, avec la joie suppl\u00e9mentaire de profiter de votre image une fois le festival termin\u00e9 puisque nous vous l&rsquo;offrons.<\/p>\n<h2 style=\"text-align: justify;\">Quel est le th\u00e8me\u00a0?<\/h2>\n<p style=\"text-align: justify;\">Le th\u00e8me : <strong>la photo de nature<\/strong> (incroyable non ?).\u00a0\u00c0 vous de choisir votre sujet,\u00a0essayez de vous d\u00e9marquer, jouez la carte de l&rsquo;originalit\u00e9 !<\/p>\n<p style=\"text-align: justify;\">2 cat\u00e9gories cette ann\u00e9e : IMAGE UNIQUE et S\u00c9RIE.\u00a0La\u00a0s\u00e9rie \u00e9tant un ensemble de minimum 3 et maximum 6 photos coh\u00e9rentes les unes avec les autres.\u00a0Vous\u00a0pouvez participer une fois dans chaque cat\u00e9gorie.<\/p>\n<h2 style=\"text-align: justify;\">Qui gagne ?<\/h2>\n<p style=\"text-align: justify;\">Un total de six laur\u00e9ats sera d\u00e9sign\u00e9 par notre jury, dont un laur\u00e9at pour la cat\u00e9gorie\u00a0s\u00e9ries.<\/p>\n<h2 style=\"text-align: justify;\">Que gagne-t-on ?<\/h2>\n<p style=\"text-align: justify;\">Les images gagnantes seront tir\u00e9es en un unique exemplaire et dans une finition appropri\u00e9e \u00e0 la photo et au lieu d\u2019exposition. La taille minimum du tirage sera de 60 cm sur le plus grand c\u00f4t\u00e9. Le papier et la finition seront choisis parmi la gamme propos\u00e9e par TiragesPro (<a title=\"Qu\u2019est que le Dibond ?\" href=\"https:\/\/www.tirages-pro.com\/blog\/2012\/07\/qu-est-ce-qu-un-dibond\/\" target=\"_blank\">Dibond<\/a>, caisse am\u00e9ricaine, cadre, toile d\u2019art sur ch\u00e2ssis, etc)<\/p>\n<figure id=\"attachment_1827\" aria-describedby=\"caption-attachment-1827\" style=\"width: 300px\" class=\"wp-caption alignright\"><img data-recalc-dims=\"1\" loading=\"lazy\" decoding=\"async\" class=\"wp-image-1827 size-medium\" src=\"https:\/\/i0.wp.com\/www.tirages-pro.com\/blog\/wp-content\/uploads\/2015\/10\/Laur%C3%A9ats-2013.jpg?resize=300%2C300&#038;ssl=1\" alt=\"Certains des laur\u00e9ats de l'\u00e9dition de 2013. De gauche \u00e0 droite et de haut en bas, Thomas Delahaye, Nicolas Orillard Demaire, David Guigue et David Potron. \" width=\"300\" height=\"300\" srcset=\"https:\/\/i0.wp.com\/www.tirages-pro.com\/blog\/wp-content\/uploads\/2015\/10\/Laur%C3%A9ats-2013.jpg?resize=300%2C300&amp;ssl=1 300w, https:\/\/i0.wp.com\/www.tirages-pro.com\/blog\/wp-content\/uploads\/2015\/10\/Laur%C3%A9ats-2013.jpg?resize=150%2C150&amp;ssl=1 150w, https:\/\/i0.wp.com\/www.tirages-pro.com\/blog\/wp-content\/uploads\/2015\/10\/Laur%C3%A9ats-2013.jpg?w=592&amp;ssl=1 592w\" sizes=\"auto, (max-width: 300px) 100vw, 300px\" \/><figcaption id=\"caption-attachment-1827\" class=\"wp-caption-text\">Certains des laur\u00e9ats de l&rsquo;\u00e9dition de 2013. De gauche \u00e0 droite et de haut en bas, Thomas Delahaye, Nicolas Orillard Demaire, David Guigue et David Potron.<\/figcaption><\/figure>\n<p style=\"text-align: justify;\">Les images de la s\u00e9rie gagnante seront expos\u00e9es les unes \u00e0 c\u00f4t\u00e9 des autres, dans l&rsquo;ordre, sur un seul mur. Les dimensions des tirages varieront en fonction du nombre de photos qui composent la s\u00e9rie.<\/p>\n<p style=\"text-align: justify;\">Ces images seront expos\u00e9es sur notre stand au festival de Montier-en-Der, et, \u00e0 moins que vous ne veniez chercher votre tableau vous-m\u00eame sur place le dimanche soir, il sera ensuite envoy\u00e9 \u00e0 nos frais \u00e0 l\u2019adresse renseign\u00e9e pendant votre inscription au concours.<\/p>\n<p style=\"text-align: justify;\">Sauf demande de votre part, toutes les images seront publi\u00e9es sur les r\u00e9seaux sociaux que nous utilisons, \u00e0 savoir Facebook, Twitter et Google+. Bien s\u00fbr, les auteurs des photos seront cit\u00e9s et TiragesPro indiquera clairement que les droits ne lui appartiennent pas.<\/p>\n<h2 style=\"text-align: justify;\">Comment participer ?<\/h2>\n<p style=\"text-align: justify;\">Pour participer, il vous suffit de nous envoyer vos images avant le jeudi 06 novembre minuit, en utilisant exclusivement <a href=\"http:\/\/www.tirages-pro.com\/Contest\/\" target=\"_blank\">ce formulaire<\/a>.<\/p>\n<p style=\"text-align: justify;\">Vos deux participations doivent contenir :<\/p>\n<ul style=\"text-align: justify;\">\n<li>Votre image au format JPEG ou TIFF dans sa taille\u00a0maximum sans \u00e9tirer le fichier, sans lettrage, watermark ou cadre.<\/li>\n<li>Le titre de la photo ou de la s\u00e9rie.<\/li>\n<li>Vos noms et pr\u00e9noms complets.<\/li>\n<li>Un num\u00e9ro de t\u00e9l\u00e9phone auquel nous pourrions vous joindre facilement.<\/li>\n<li>Votre adresse postale, pour vous envoyer le tirage si n\u00e9cessaire.<\/li>\n<\/ul>\n<figure id=\"attachment_1826\" aria-describedby=\"caption-attachment-1826\" style=\"width: 592px\" class=\"wp-caption aligncenter\"><img data-recalc-dims=\"1\" loading=\"lazy\" decoding=\"async\" class=\"size-full wp-image-1826\" src=\"https:\/\/i0.wp.com\/www.tirages-pro.com\/blog\/wp-content\/uploads\/2015\/10\/MG_7494.jpg?resize=592%2C360&#038;ssl=1\" alt=\"Notre stand \u00e0 Montier en 2013. \" width=\"592\" height=\"360\" srcset=\"https:\/\/i0.wp.com\/www.tirages-pro.com\/blog\/wp-content\/uploads\/2015\/10\/MG_7494.jpg?w=592&amp;ssl=1 592w, https:\/\/i0.wp.com\/www.tirages-pro.com\/blog\/wp-content\/uploads\/2015\/10\/MG_7494.jpg?resize=300%2C182&amp;ssl=1 300w\" sizes=\"auto, (max-width: 592px) 100vw, 592px\" \/><figcaption id=\"caption-attachment-1826\" class=\"wp-caption-text\">Notre stand \u00e0 Montier en 2013.<\/figcaption><\/figure>\n<h2 style=\"text-align: justify;\">R\u00e8glement<\/h2>\n<p style=\"text-align: justify;\">Le r\u00e8glement est en accord avec la\u00a0<a href=\"http:\/\/www.concoursequitable.com\" target=\"_blank\">Charte des concours \u00e9quitables<\/a>.<\/p>\n<ul style=\"text-align: justify;\">\n<li>Le concours est gratuit et ouvert \u00e0 tous, professionnels comme amateurs. Il est ind\u00e9pendant d\u2019\u00e9ventuels concours organis\u00e9s par les salons et festivals auxquels nous participons.<\/li>\n<li><strong>En aucun cas TiragesPro ou ses partenaires ne sont autoris\u00e9s \u00e0 s\u2019approprier les droits des images pr\u00e9sent\u00e9es.<\/strong> Le montant des ventes \u00e9ventuelles des tirages pendant l\u2019exposition sera revers\u00e9 int\u00e9gralement aux photographes.<\/li>\n<li>Le concours prend fin le 06\u00a0novembre 2014 \u00e0 minuit, heure fran\u00e7aise. L\u2019heure d\u2019arriv\u00e9e sur nos serveurs fait foi.<\/li>\n<li>Les participants doivent \u00eatre en possession de la totalit\u00e9 des droits de l\u2019image par laquelle ils se portent candidats.<\/li>\n<li>Une seule image doit \u00eatre envoy\u00e9e par participant. En cas d\u2019envois multiples, seule la premi\u00e8re participation sera conserv\u00e9e.\u00a0Le non respect du th\u00e8me, de l\u2019\u00e9thique ou des conditions du concours ainsi que toute tentative de fraude est \u00e9liminatoire.<\/li>\n<li>Les recadrages, retouches chromatiques globales ou par zones, virages N&amp;B ou couleur et suppressions d\u2019\u00e9l\u00e9ments g\u00eanants sont autoris\u00e9s. Photoshop, Lightroom et Aperture to the rescue\u00a0! Tous les formats (carr\u00e9, 4\/3, 3\/2, panoramique, etc.) sont autoris\u00e9s.<\/li>\n<li>Les scans de clich\u00e9s argentiques, couleurs ou N&amp;B, retouch\u00e9s ou non, sont autoris\u00e9s.<\/li>\n<li>Le lettrage et les ajouts de cadres, marges, fioritures ou d\u2019\u00e9l\u00e9ments \u00e0 l\u2019image<strong> sont interdits<\/strong>. Pas de mouettes dans le ciel quand il n\u2019y en avait pas\u2026<\/li>\n<li>En envoyant votre candidature, vous autorisez TiragesPro et ses partenaires \u00e0 partager \u00e9ventuellement votre photo sur leurs sites, leurs blogs ou les r\u00e9seaux sociaux en la redimensionnant \u00e0 900 pixels maximum sur le grand c\u00f4t\u00e9 et en y associant votre nom.<\/li>\n<li>Les photographes prim\u00e9s autorisent TiragesPro \u00e0 exposer un unique tirage de 60 cm de longueur minimum sur son stand au festival international de la photographie animali\u00e8re et de nature de Montier-en-Der du 20 au 23 novembre 2013.<\/li>\n<li>Le jury impartial compos\u00e9 de membres de TiragesPro, de ses partenaires et d\u2019intervenants ind\u00e9pendants, est souverain.<\/li>\n<li>Les organisateurs du concours ne pourront \u00eatre tenus responsables suite \u00e0 tous probl\u00e8mes li\u00e9s au d\u00e9roulement du concours, qu\u2019il s\u2019agisse d\u2019une erreur humaine, informatique, ou autre.<\/li>\n<\/ul>\n<p style=\"text-align: justify;\">\n","protected":false},"excerpt":{"rendered":"<p>Signore e signori, voici la 4\u00e8me \u00e9dition de notre concours TiragesPro vous expose au festival de la photographie nature de Montier-en-Der ! Nouveaut\u00e9 cette ann\u00e9e :\u00a02 chances\u00a0de gagner puisque nous ajoutons une nouvelle cat\u00e9gorie \u00e0 celle existante. Plus d&rsquo;infos ci-dessous !\u00a0<\/p>\n","protected":false},"author":10,"featured_media":0,"comment_status":"open","ping_status":"open","sticky":false,"template":"","format":"standard","meta":{"_seopress_robots_primary_cat":"","_seopress_titles_title":"","_seopress_titles_desc":"","_seopress_robots_index":"","inline_featured_image":false,"_themeisle_gutenberg_block_has_review":false,"footnotes":""},"categories":[47],"tags":[],"class_list":["post-1816","post","type-post","status-publish","format-standard","hentry","category-concours"],"_links":{"self":[{"href":"https:\/\/www.tirages-pro.com\/blog\/wp-json\/wp\/v2\/posts\/1816","targetHints":{"allow":["GET"]}}],"collection":[{"href":"https:\/\/www.tirages-pro.com\/blog\/wp-json\/wp\/v2\/posts"}],"about":[{"href":"https:\/\/www.tirages-pro.com\/blog\/wp-json\/wp\/v2\/types\/post"}],"author":[{"embeddable":true,"href":"https:\/\/www.tirages-pro.com\/blog\/wp-json\/wp\/v2\/users\/10"}],"replies":[{"embeddable":true,"href":"https:\/\/www.tirages-pro.com\/blog\/wp-json\/wp\/v2\/comments?post=1816"}],"version-history":[{"count":17,"href":"https:\/\/www.tirages-pro.com\/blog\/wp-json\/wp\/v2\/posts\/1816\/revisions"}],"predecessor-version":[{"id":4177,"href":"https:\/\/www.tirages-pro.com\/blog\/wp-json\/wp\/v2\/posts\/1816\/revisions\/4177"}],"wp:attachment":[{"href":"https:\/\/www.tirages-pro.com\/blog\/wp-json\/wp\/v2\/media?parent=1816"}],"wp:term":[{"taxonomy":"category","embeddable":true,"href":"https:\/\/www.tirages-pro.com\/blog\/wp-json\/wp\/v2\/categories?post=1816"},{"taxonomy":"post_tag","embeddable":true,"href":"https:\/\/www.tirages-pro.com\/blog\/wp-json\/wp\/v2\/tags?post=1816"}],"curies":[{"name":"wp","href":"https:\/\/api.w.org\/{rel}","templated":true}]}}