{"id":222,"date":"2011-08-31T14:10:05","date_gmt":"2011-08-31T12:10:05","guid":{"rendered":"http:\/\/www.tirages-pro.com\/blog\/?p=222"},"modified":"2017-11-06T08:57:50","modified_gmt":"2017-11-06T07:57:50","slug":"rencontre-avec-in-fravez","status":"publish","type":"post","link":"https:\/\/www.tirages-pro.com\/blog\/2011\/08\/rencontre-avec-in-fravez\/","title":{"rendered":"iN Fravez, la photo graphique"},"content":{"rendered":"<p>Nous poursuivons notre s\u00e9rie de rencontres avec des photographes amateurs ou professionnels et nous int\u00e9ressons aujourd&rsquo;hui \u00e0 Mikael Broidioi, alias iN Fravez.<\/p>\n<p>Mikael a 30 ans, il est graphiste, passionn\u00e9 d&rsquo;art et fait confiance \u00e0 TiragesPro depuis quelques mois. Sa photographie interpelle. Une r\u00e9elle d\u00e9marche artistique que ce photographe amateur partage bien volontiers aujourd\u2019hui avec nous.<!--more--><\/p>\n<h2><img data-recalc-dims=\"1\" alt=\"\" loading=\"lazy\" decoding=\"async\" class=\"alignright size-full wp-image-241\" title=\"Portrait Mikael iN Fravez\" src=\"https:\/\/i0.wp.com\/www.tirages-pro.com\/blog\/wp-content\/uploads\/2011\/08\/PortraitMikaeliNFravez.jpg?resize=128%2C128&#038;ssl=1\" alt=\"\" width=\"128\" height=\"128\" \/>Formation graphiste<\/h2>\n<p>\u2014\u00a0\u00ab\u00a0Je photographie des \u00ab\u00a0instants de vie\u00a0\u00bb, des moments qui me paraissent int\u00e9ressants pour l\u2019\u0153il. Cela d\u00e9coule directement de ma formation de graphiste \u00e0 l&rsquo;Institut St Luc de Tournai en Belgique. J&rsquo;ai \u00e9t\u00e9 tr\u00e8s influenc\u00e9 par Jacques De Backer un de mes professeurs de St Luc\u00a0: mon univers se rapproche parfois du sien. J&rsquo;aime la photographie islandaise et des pays de l&rsquo;Est pour le calme qu&rsquo;elle d\u00e9gage. On retrouve \u00e9galement ce genre d&rsquo;atmosph\u00e8re chez certains photographes am\u00e9ricains. C&rsquo;est le genre de photo qui me touche, qui me parle.\u00a0\u00bb<\/p>\n<h2>Debout contre le sol<\/h2>\n<p style=\"text-align: center;\"><a href=\"https:\/\/i0.wp.com\/www.tirages-pro.com\/blog\/wp-content\/uploads\/2011\/08\/Photo-DeboutContreLeSol-MikaelBrodioi.jpg?ssl=1\"><img data-recalc-dims=\"1\" alt=\"\" loading=\"lazy\" decoding=\"async\" class=\"aligncenter size-full wp-image-224\" title=\"Debout contre le sol. Mikael Brodioi.\" src=\"https:\/\/i0.wp.com\/www.tirages-pro.com\/blog\/wp-content\/uploads\/2011\/08\/Photo-DeboutContreLeSol-MikaelBrodioi.jpg?resize=462%2C616&#038;ssl=1\" alt=\"\" width=\"462\" height=\"616\" srcset=\"https:\/\/i0.wp.com\/www.tirages-pro.com\/blog\/wp-content\/uploads\/2011\/08\/Photo-DeboutContreLeSol-MikaelBrodioi.jpg?w=660&amp;ssl=1 660w, https:\/\/i0.wp.com\/www.tirages-pro.com\/blog\/wp-content\/uploads\/2011\/08\/Photo-DeboutContreLeSol-MikaelBrodioi.jpg?resize=225%2C300&amp;ssl=1 225w, https:\/\/i0.wp.com\/www.tirages-pro.com\/blog\/wp-content\/uploads\/2011\/08\/Photo-DeboutContreLeSol-MikaelBrodioi.jpg?resize=510%2C680&amp;ssl=1 510w\" sizes=\"auto, (max-width: 462px) 100vw, 462px\" \/><\/a><\/p>\n<p>\u2014\u00a0\u00ab\u00a0Pour cette image, j\u2019ai tout d&rsquo;abord \u00e9t\u00e9 s\u00e9duit par l&rsquo;ambiance du lieu, tr\u00e8s graphique \u00e0 la base puisqu&rsquo;il s&rsquo;agit d&rsquo;un mus\u00e9e et plus pr\u00e9cis\u00e9ment du mus\u00e9e de la photographie de Charleroi en Belgique.<\/p>\n<p>J\u2019\u00e9tudie avant tout le cadrage. Je v\u00e9rifie les \u00e9l\u00e9ments qui sortent de l&rsquo;image, la fa\u00e7on dont ils sont d\u00e9coup\u00e9s, leur disposition par rapport au cadre, les points de fuite\u2026 Il faut que tout soit correctement \u00e9quilibr\u00e9.<\/p>\n<p>En rajoutant une personne allong\u00e9e, celle-ci devient le sujet principal de la photo et tout le reste n&rsquo;est plus que d\u00e9cor. Le lieu associ\u00e9 \u00e0 la position allong\u00e9e du sujet cr\u00e9e une atmosph\u00e8re un peu surr\u00e9aliste. Pour l\u2019amplifier, j&rsquo;ai opt\u00e9 pour une orientation verticale et retravaill\u00e9 le sens des photos faisant partie du d\u00e9cor.<\/p>\n<p>Je trouvais int\u00e9ressant d&rsquo;avoir cette mise en ab\u00eeme (des photos dans la photo). Que ce soit en photo, en musique ou dans tout autre forme d&rsquo;art, la pr\u00e9sence humaine aide \u00e0 capter l&rsquo;attention des gens qui d\u00e9couvrent une \u0153uvre. \u00c9tant musicien, je constate tr\u00e8s souvent qu&rsquo;ajouter un chant sur un morceau facilite son \u00e9coute.\u00a0\u00bb<\/p>\n<h2>Retouches<\/h2>\n<p><img data-recalc-dims=\"1\" alt=\"\" loading=\"lazy\" decoding=\"async\" class=\"alignright size-medium wp-image-227\" title=\"Photo Debout contre le sol. Original.\" src=\"https:\/\/i0.wp.com\/www.tirages-pro.com\/blog\/wp-content\/uploads\/2011\/08\/Photo-DeboutContreLeSol-Origine.jpg?resize=300%2C225&#038;ssl=1\" alt=\"\" width=\"300\" height=\"225\" srcset=\"https:\/\/i0.wp.com\/www.tirages-pro.com\/blog\/wp-content\/uploads\/2011\/08\/Photo-DeboutContreLeSol-Origine.jpg?resize=300%2C225&amp;ssl=1 300w, https:\/\/i0.wp.com\/www.tirages-pro.com\/blog\/wp-content\/uploads\/2011\/08\/Photo-DeboutContreLeSol-Origine.jpg?w=600&amp;ssl=1 600w\" sizes=\"auto, (max-width: 300px) 100vw, 300px\" \/>\u2014\u00a0\u00ab\u00a0Comme je m&rsquo;y connais plus en Photoshop \u2013j&rsquo;y passe beaucoup de temps pour chacune de mes photos\u2013 qu&rsquo;en appareil photo, je travaille ensuite sur la correction de mon objectif \u00e0 partir de Photoshop afin de r\u00e9cup\u00e9rer les horizontales et les verticales d\u00e9form\u00e9es par l&rsquo;objectif (j&rsquo;utilise un grand angle de 14 mm). Le fait d&rsquo;avoir de \u00ab\u00a0vraies droites\u00a0\u00bb permet d&rsquo;obtenir une sensation de stabilit\u00e9 dans l&rsquo;image. C&rsquo;est une r\u00e8gle que j&rsquo;utilise \u00e9galement dans mon m\u00e9tier de graphiste.<\/p>\n<p>Pour les couleurs et le contraste, je m\u2019efforce \u00e0 rester dans un m\u00eame univers, souvent vintage, inspir\u00e9 de certains clich\u00e9s anciens (\u00e9poque 70&rsquo;s) et des couleurs produites par les Polaroids et la lomographie.<\/p>\n<p>Je retravaille pour cela les courbes de couleurs, les teintes et saturations et j&rsquo;utilise \u00e9galement des filtres color\u00e9s comme le fait par exemple Jean-Pierre Jeunet dans ses films. Cela aide \u00e0 uniformiser un univers (comme pourrait le faire le noir et blanc).<\/p>\n<p>Dans cette image par exemple, j\u2019ai retouch\u00e9 chaque couleur de la robe afin qu&rsquo;elle s&rsquo;int\u00e8gre au mieux dans l&rsquo;univers de la photo. Ces retouches sont essentielles lorsque l&rsquo;on pratique ce type de photographie car, contrairement \u00e0 de la photographie en studio, rien n&rsquo;est pr\u00e9visible \u00e0 l&rsquo;avance.<\/p>\n<p>Je mise avant tout sur l&rsquo;aspect graphique et l&rsquo;ambiance, gr\u00e2ce au travail du grain et des couleurs. C\u2019est pourquoi j&rsquo;utilise un plugin professionnel (toujours dans Photoshop) qui me permet de m&rsquo;approcher du grain de l&rsquo;argentique. Bien s\u00fbr, je n&rsquo;utilise aucun pr\u00e9r\u00e9glage fournit avec ce plugin, je cr\u00e9e mon propre r\u00e9glage afin d&rsquo;obtenir mon propre grain. Ce plugin me permet \u00e9galement de retravailler la nettet\u00e9 de mes photos et donc d&rsquo;accentuer les contours.\u00a0\u00bb<\/p>\n<p>Si iN Fravez aime imaginer ses photos sur un grand mur blanc pour en tester l&rsquo;impact visuel, nul doute que les lecteurs du blog seront heureux de les d\u00e9couvrir sur son site\u00a0<a href=\"http:\/\/www.infravez.com\/\" target=\"_blank\">www.infravez.com<\/a>. \u00c0 leur tour d\u2019\u00eatre touch\u00e9s par leur atmosph\u00e8re de calme et de s\u00e9r\u00e9nit\u00e9.<\/p>\n","protected":false},"excerpt":{"rendered":"<p>Nous poursuivons notre s\u00e9rie de rencontres avec des photographes amateurs ou professionnels et nous int\u00e9ressons aujourd&rsquo;hui \u00e0 Mikael Broidioi, alias iN Fravez.<br \/>\nGraphiste et passionn\u00e9 d&rsquo;art, il fait confiance \u00e0 TiragesPro depuis quelques mois. <\/p>\n","protected":false},"author":3,"featured_media":224,"comment_status":"open","ping_status":"open","sticky":false,"template":"","format":"standard","meta":{"_seopress_robots_primary_cat":"","_seopress_titles_title":"","_seopress_titles_desc":"","_seopress_robots_index":"","inline_featured_image":false,"_themeisle_gutenberg_block_has_review":false,"footnotes":""},"categories":[27],"tags":[63,28,64,62,9],"class_list":["post-222","post","type-post","status-publish","format-standard","has-post-thumbnail","hentry","category-rencontres","tag-instant-de-vie","tag-interview","tag-photo-dans-photo","tag-photographe","tag-tirage"],"_links":{"self":[{"href":"https:\/\/www.tirages-pro.com\/blog\/wp-json\/wp\/v2\/posts\/222","targetHints":{"allow":["GET"]}}],"collection":[{"href":"https:\/\/www.tirages-pro.com\/blog\/wp-json\/wp\/v2\/posts"}],"about":[{"href":"https:\/\/www.tirages-pro.com\/blog\/wp-json\/wp\/v2\/types\/post"}],"author":[{"embeddable":true,"href":"https:\/\/www.tirages-pro.com\/blog\/wp-json\/wp\/v2\/users\/3"}],"replies":[{"embeddable":true,"href":"https:\/\/www.tirages-pro.com\/blog\/wp-json\/wp\/v2\/comments?post=222"}],"version-history":[{"count":26,"href":"https:\/\/www.tirages-pro.com\/blog\/wp-json\/wp\/v2\/posts\/222\/revisions"}],"predecessor-version":[{"id":4172,"href":"https:\/\/www.tirages-pro.com\/blog\/wp-json\/wp\/v2\/posts\/222\/revisions\/4172"}],"wp:featuredmedia":[{"embeddable":true,"href":"https:\/\/www.tirages-pro.com\/blog\/wp-json\/wp\/v2\/media\/224"}],"wp:attachment":[{"href":"https:\/\/www.tirages-pro.com\/blog\/wp-json\/wp\/v2\/media?parent=222"}],"wp:term":[{"taxonomy":"category","embeddable":true,"href":"https:\/\/www.tirages-pro.com\/blog\/wp-json\/wp\/v2\/categories?post=222"},{"taxonomy":"post_tag","embeddable":true,"href":"https:\/\/www.tirages-pro.com\/blog\/wp-json\/wp\/v2\/tags?post=222"}],"curies":[{"name":"wp","href":"https:\/\/api.w.org\/{rel}","templated":true}]}}