{"id":2668,"date":"2016-03-03T18:13:53","date_gmt":"2016-03-03T17:13:53","guid":{"rendered":"http:\/\/www.tirages-pro.com\/blog\/?p=2668"},"modified":"2026-02-16T23:08:38","modified_gmt":"2026-02-16T22:08:38","slug":"derriere-lobjectif-avec-jerome-obiols","status":"publish","type":"post","link":"https:\/\/www.tirages-pro.com\/blog\/2016\/03\/derriere-lobjectif-avec-jerome-obiols\/","title":{"rendered":"Derri\u00e8re l&rsquo;objectif avec J\u00e9r\u00f4me Obiols"},"content":{"rendered":"\n<p>Dans <span style=\"text-decoration: underline;\">Derri\u00e8re l&rsquo;objectif<\/span>, un photographe nous raconte une de ses images.<\/p>\n\n\n\n<p>Aujourd&rsquo;hui : <span style=\"text-decoration: underline;\">Le spectateur de l&rsquo;ombre<\/span> racont\u00e9e par J\u00e9r\u00f4me Obiols.&nbsp;Ou comment un spectateur s&rsquo;incruste de nuit&nbsp;par bonheur dans le cadre&#8230;<\/p>\n\n\n\n<figure class=\"wp-block-image size-large\"><img data-recalc-dims=\"1\" alt=\"\" loading=\"lazy\" decoding=\"async\" width=\"1019\" height=\"680\" src=\"https:\/\/i0.wp.com\/www.tirages-pro.com\/blog\/wp-content\/uploads\/2016\/02\/Derriere-l-objectif-avec-Jerome-Obiols-Le-spectateur-de-l-ombre-BLOG.jpg?resize=1019%2C680&#038;ssl=1\" alt=\"\" class=\"wp-image-2833\" srcset=\"https:\/\/i0.wp.com\/www.tirages-pro.com\/blog\/wp-content\/uploads\/2016\/02\/Derriere-l-objectif-avec-Jerome-Obiols-Le-spectateur-de-l-ombre-BLOG.jpg?resize=1019%2C680&amp;ssl=1 1019w, https:\/\/i0.wp.com\/www.tirages-pro.com\/blog\/wp-content\/uploads\/2016\/02\/Derriere-l-objectif-avec-Jerome-Obiols-Le-spectateur-de-l-ombre-BLOG.jpg?resize=300%2C200&amp;ssl=1 300w, https:\/\/i0.wp.com\/www.tirages-pro.com\/blog\/wp-content\/uploads\/2016\/02\/Derriere-l-objectif-avec-Jerome-Obiols-Le-spectateur-de-l-ombre-BLOG.jpg?w=1200&amp;ssl=1 1200w\" sizes=\"auto, (max-width: 1000px) 100vw, 1000px\" \/><\/figure>\n\n\n<DIV class=\"tpcols \"><DIV class=\"tpcol tpcol-author\"><\/p>\n\n\n\n<figure class=\"wp-block-image size-thumbnail is-resized has-custom-border\"><img alt=\"\" loading=\"lazy\" decoding=\"async\" width=\"600\" height=\"600\" src=\"https:\/\/i0.wp.com\/www.tirages-pro.com\/blog\/wp-content\/uploads\/2016\/02\/Derriere-l-objectif-avec-Jerome-Obiols-Portrait-Jerome-Obiols-BLOG.jpg?resize=150%2C150&amp;ssl=1\" alt=\"\" class=\"wp-image-2807\" style=\"border-top-left-radius:100%;border-top-right-radius:100%;border-bottom-left-radius:100%;border-bottom-right-radius:100%;aspect-ratio:1;object-fit:cover;width:200px\" srcset=\"https:\/\/i0.wp.com\/www.tirages-pro.com\/blog\/wp-content\/uploads\/2016\/02\/Derriere-l-objectif-avec-Jerome-Obiols-Portrait-Jerome-Obiols-BLOG.jpg?w=600&amp;ssl=1 600w, https:\/\/i0.wp.com\/www.tirages-pro.com\/blog\/wp-content\/uploads\/2016\/02\/Derriere-l-objectif-avec-Jerome-Obiols-Portrait-Jerome-Obiols-BLOG.jpg?resize=150%2C150&amp;ssl=1 150w, https:\/\/i0.wp.com\/www.tirages-pro.com\/blog\/wp-content\/uploads\/2016\/02\/Derriere-l-objectif-avec-Jerome-Obiols-Portrait-Jerome-Obiols-BLOG.jpg?resize=300%2C300&amp;ssl=1 300w\" sizes=\"auto, (max-width: 600px) 100vw, 600px\" \/><\/figure>\n\n\n<p><DIV class=\"tpbadge \" style=\"\">Site Web<\/DIV><br \/>\n<a href=\"https:\/\/www.jeromeobiols.com\" target=\"_blank\" rel=\"noopener\">jeromeobiols.com<\/a><\/p>\n<p><DIV class=\"tpbadge \" style=\"\">Page Facebook<\/DIV><br \/>\n<a href=\"https:\/\/www.facebook.com\/jerome.obiols.photographie\" target=\"_blank\" rel=\"noopener\">jerome.obiols.photographie<\/a><\/p>\n<p><\/DIV><DIV class=\"tpcol tpcol-story\"><\/p>\n\n\n\n<h2 class=\"wp-block-heading\">Le spectateur de l&rsquo;ombre<\/h2>\n\n\n\n<p>En cette fin d\u2019\u00e9t\u00e9 2014, j\u2019\u00e9tais dans les Alpes dans la vall\u00e9e de Chamonix. J\u2019attendais le bon cr\u00e9neau m\u00e9t\u00e9o pour aller photographier la voie lact\u00e9e et les montagnes du massif du Mont-Blanc de nuit, discipline que les anglo-saxons appellent \u00ab&nbsp;nightscape&nbsp;\u00bb ou paysage nocturne.&nbsp; Sur la proposition d\u2019un ami photographe habitant sur place avec qui je fais r\u00e9guli\u00e8rement des sorties photos nocturnes, nous sommes mont\u00e9s \u00e0 l\u2019Aiguillette d\u2019Argenti\u00e8re, qui fait face au massif du Mont-Blanc.<\/p>\n\n\n\n<p>L\u2019id\u00e9e \u00e9tait de grimper au sommet de cette fine aiguille haute de plus de 20m pour s\u2019y photographier \u00e0 tour de r\u00f4le sur fond de ciel \u00e9toil\u00e9. C\u2019est donc du mat\u00e9riel d\u2019escalade qui est venu lester nos sacs, en plus de notre \u00e9quipement photo. Arriv\u00e9s sur place vers 21h30, c\u2019est par nuit noire \u00e0 la frontale que nous avons escalad\u00e9 la voie \u00e0 tour de r\u00f4le, exercice rendu d\u00e9licat par l\u2019obscurit\u00e9 totale.<\/p>\n\n\n\n<p>Une fois le grimpeur s\u00e9curis\u00e9 au sommet, je pouvais quitter mon r\u00f4le d\u2019assureur pour aller le photographier depuis un point de vue int\u00e9ressant que j\u2019avais, tel le petit Poucet, marqu\u00e9 \u00e0 la mont\u00e9e d\u2019un petit cairn avant que la nuit ne s\u2019installe, afin de pouvoir le retrouver et y poser mon tr\u00e9pied sans perdre de temps pour le cadrage.<\/p>\n\n\n\n<p>Apr\u00e8s avoir demand\u00e9 \u00e0 mon coll\u00e8gue de positionner son faisceau de frontale de fa\u00e7on a obtenir la composition que je d\u00e9sirais, je fis quelques vues au 14mm f\/2.8 Samyang, mais je changeais rapidement&nbsp;pour mon Nikon 24mm f\/1.4G, car je trouvais que le personnage \u00e9tait vraiment trop petit au 14mm, m\u00eame si la voie lact\u00e9e avait la part belle. J\u2019appr\u00e9cie beaucoup ce 24mm pour sa tr\u00e8s grande luminosit\u00e9, ce qui me permet de ne pas monter trop haut en sensibilit\u00e9 sans devoir d\u00e9passer 15s de pose afin de figer le mouvement des \u00e9toiles (ou plut\u00f4t celui de la Terre). Apr\u00e8s avoir cal\u00e9 avec pr\u00e9cision la mise au point \u00e0 l\u2019infini (chose tr\u00e8s d\u00e9licate de nuit avec des objectifs modernes sans but\u00e9e fixe car l\u2019AF est inop\u00e9rant) je fis 4 images, avant d\u2019aller faire redescendre mon ami de son perchoir pour le remplacer l\u00e0-haut, car il s\u2019impatientait de prendre des photos \u00e0 son tour.<\/p>\n\n\n\n<p>Ce n\u2019est que le lendemain, en regardant les photos, que je me suis aper\u00e7u qu\u2019un bouquetin \u00e9tait venu assister \u00e0 cette sc\u00e8ne cocasse en silence. &nbsp;J\u2019ai eu vraiment beaucoup de chance car en plus de s\u2019\u00eatre plac\u00e9 \u00e0 un endroit permettant \u00e0 sa silhouette de se d\u00e9tacher parfaitement des rochers, ce spectateur de l\u2019ombre est rest\u00e9 quasiment immobile durant tout le temps de pose&nbsp;!<\/p>\n\n\n\n<p>J\u00e9r\u00f4me Obiols<\/p>\n\n\n\n<hr class=\"wp-block-separator has-alpha-channel-opacity\"\/>\n\n\n<p><DIV class=\"tpcols \"><DIV class=\"tpcol \"><DIV class=\"tpbadge \" style=\"width: 100%; \">Date<\/DIV><\/DIV><DIV class=\"tpcol \">1.9.2014<\/DIV><\/DIV><DIV class=\"tpcols \"><DIV class=\"tpcol \"><DIV class=\"tpbadge \" style=\"width: 100%; \">Boitier<\/DIV><\/DIV><DIV class=\"tpcol \">Nikon D800<\/DIV><\/DIV><DIV class=\"tpcols \"><DIV class=\"tpcol \"><DIV class=\"tpbadge \" style=\"width: 100%; \">Objectif<\/DIV><\/DIV><DIV class=\"tpcol \">Nikon 24 mm f\/1.4G<\/DIV><\/DIV><DIV class=\"tpcols \"><DIV class=\"tpcol \"><DIV class=\"tpbadge \" style=\"width: 100%; \">Focale<\/DIV><\/DIV><DIV class=\"tpcol \">24 mm<\/DIV><\/DIV><DIV class=\"tpcols \"><DIV class=\"tpcol \"><DIV class=\"tpbadge \" style=\"width: 100%; \">Exposition<\/DIV><\/DIV><DIV class=\"tpcol \">13 s<\/DIV><\/DIV><DIV class=\"tpcols \"><DIV class=\"tpcol \"><DIV class=\"tpbadge \" style=\"width: 100%; \">Ouverture<\/DIV><\/DIV><DIV class=\"tpcol \">f\/1.4<\/DIV><\/DIV><DIV class=\"tpcols \"><DIV class=\"tpcol \"><DIV class=\"tpbadge \" style=\"width: 100%; \">Sensibilit\u00e9<\/DIV><\/DIV><DIV class=\"tpcol \">ISO 1600<\/DIV><\/DIV><\/p>\n\n\n\n<hr class=\"wp-block-separator has-alpha-channel-opacity\"\/>\n\n\n\n<p>Cr\u00e9dits photos :<\/p>\n\n\n\n<ul class=\"wp-block-list\">\n<li>Image Le spectateur de l&rsquo;ombre : J\u00e9r\u00f4me Obiols<\/li>\n\n\n\n<li>Portrait de J\u00e9r\u00f4me :&nbsp;Benjamin Orgogozo<\/li>\n<\/ul>\n\n\n<p><\/DIV><\/DIV>\n","protected":false},"excerpt":{"rendered":"<p>Dans Derri\u00e8re l&rsquo;objectif, un photographe nous raconte une de ses images. Aujourd&rsquo;hui : Le spectateur de l&rsquo;ombre racont\u00e9e par J\u00e9r\u00f4me Obiols.&nbsp;Ou comment un spectateur s&rsquo;incruste de nuit&nbsp;par bonheur dans le cadre&#8230;<\/p>\n","protected":false},"author":10,"featured_media":2797,"comment_status":"open","ping_status":"open","sticky":false,"template":"","format":"standard","meta":{"_seopress_robots_primary_cat":"none","_seopress_titles_title":"","_seopress_titles_desc":"","_seopress_robots_index":"","inline_featured_image":false,"_themeisle_gutenberg_block_has_review":false,"footnotes":""},"categories":[161],"tags":[217,169,184,183],"class_list":["post-2668","post","type-post","status-publish","format-standard","has-post-thumbnail","hentry","category-derriere-lobjectif","tag-featured","tag-jerome-obiols","tag-photo-de-montagne","tag-photo-de-paysage"],"_links":{"self":[{"href":"https:\/\/www.tirages-pro.com\/blog\/wp-json\/wp\/v2\/posts\/2668","targetHints":{"allow":["GET"]}}],"collection":[{"href":"https:\/\/www.tirages-pro.com\/blog\/wp-json\/wp\/v2\/posts"}],"about":[{"href":"https:\/\/www.tirages-pro.com\/blog\/wp-json\/wp\/v2\/types\/post"}],"author":[{"embeddable":true,"href":"https:\/\/www.tirages-pro.com\/blog\/wp-json\/wp\/v2\/users\/10"}],"replies":[{"embeddable":true,"href":"https:\/\/www.tirages-pro.com\/blog\/wp-json\/wp\/v2\/comments?post=2668"}],"version-history":[{"count":85,"href":"https:\/\/www.tirages-pro.com\/blog\/wp-json\/wp\/v2\/posts\/2668\/revisions"}],"predecessor-version":[{"id":5149,"href":"https:\/\/www.tirages-pro.com\/blog\/wp-json\/wp\/v2\/posts\/2668\/revisions\/5149"}],"wp:featuredmedia":[{"embeddable":true,"href":"https:\/\/www.tirages-pro.com\/blog\/wp-json\/wp\/v2\/media\/2797"}],"wp:attachment":[{"href":"https:\/\/www.tirages-pro.com\/blog\/wp-json\/wp\/v2\/media?parent=2668"}],"wp:term":[{"taxonomy":"category","embeddable":true,"href":"https:\/\/www.tirages-pro.com\/blog\/wp-json\/wp\/v2\/categories?post=2668"},{"taxonomy":"post_tag","embeddable":true,"href":"https:\/\/www.tirages-pro.com\/blog\/wp-json\/wp\/v2\/tags?post=2668"}],"curies":[{"name":"wp","href":"https:\/\/api.w.org\/{rel}","templated":true}]}}