{"id":2824,"date":"2016-04-18T18:00:01","date_gmt":"2016-04-18T16:00:01","guid":{"rendered":"http:\/\/www.tirages-pro.com\/blog\/?p=2824"},"modified":"2026-02-16T23:02:36","modified_gmt":"2026-02-16T22:02:36","slug":"derriere-lobjectif-avec-remi-garcia","status":"publish","type":"post","link":"https:\/\/www.tirages-pro.com\/blog\/2016\/04\/derriere-lobjectif-avec-remi-garcia\/","title":{"rendered":"Derri\u00e8re l&rsquo;objectif avec R\u00e9mi Garcia"},"content":{"rendered":"\n<p>Dans <span style=\"text-decoration: underline;\">Derri\u00e8re l&rsquo;objectif<\/span>, un photographe nous raconte une de ses images.<\/p>\n\n\n\n<p>Aujourd&rsquo;hui : Frou-Frou racont\u00e9e par R\u00e9mi Garcia. 4 jours d&rsquo;attente pour 4 grammes de bonheur&#8230;<\/p>\n\n\n\n<figure class=\"wp-block-image size-large\"><img data-recalc-dims=\"1\" alt=\"\" loading=\"lazy\" decoding=\"async\" width=\"1020\" height=\"680\" src=\"https:\/\/i0.wp.com\/www.tirages-pro.com\/blog\/wp-content\/uploads\/2016\/02\/Derriere-l-objectif-avec-Remi-Garcia-Frou-Frou-BLOG.jpg?resize=1020%2C680&#038;ssl=1\" alt=\"\" class=\"wp-image-2827\" srcset=\"https:\/\/i0.wp.com\/www.tirages-pro.com\/blog\/wp-content\/uploads\/2016\/02\/Derriere-l-objectif-avec-Remi-Garcia-Frou-Frou-BLOG.jpg?resize=1020%2C680&amp;ssl=1 1020w, https:\/\/i0.wp.com\/www.tirages-pro.com\/blog\/wp-content\/uploads\/2016\/02\/Derriere-l-objectif-avec-Remi-Garcia-Frou-Frou-BLOG.jpg?resize=300%2C200&amp;ssl=1 300w, https:\/\/i0.wp.com\/www.tirages-pro.com\/blog\/wp-content\/uploads\/2016\/02\/Derriere-l-objectif-avec-Remi-Garcia-Frou-Frou-BLOG.jpg?w=1200&amp;ssl=1 1200w\" sizes=\"auto, (max-width: 1000px) 100vw, 1000px\" \/><\/figure>\n\n\n<DIV class=\"tpcols \"><DIV class=\"tpcol tpcol-author\"><\/p>\n\n\n\n<figure class=\"wp-block-image size-thumbnail is-resized has-custom-border\"><img alt=\"\" loading=\"lazy\" decoding=\"async\" width=\"600\" height=\"600\" src=\"https:\/\/i0.wp.com\/www.tirages-pro.com\/blog\/wp-content\/uploads\/2016\/02\/Derriere-l-objectif-avec-Remi-Garcia-Portrait-de-Remi-Garcia-BLOG.jpg?resize=150%2C150&amp;ssl=1\" alt=\"\" class=\"wp-image-2863\" style=\"border-top-left-radius:100%;border-top-right-radius:100%;border-bottom-left-radius:100%;border-bottom-right-radius:100%;aspect-ratio:1;object-fit:cover;width:200px\" srcset=\"https:\/\/i0.wp.com\/www.tirages-pro.com\/blog\/wp-content\/uploads\/2016\/02\/Derriere-l-objectif-avec-Remi-Garcia-Portrait-de-Remi-Garcia-BLOG.jpg?w=600&amp;ssl=1 600w, https:\/\/i0.wp.com\/www.tirages-pro.com\/blog\/wp-content\/uploads\/2016\/02\/Derriere-l-objectif-avec-Remi-Garcia-Portrait-de-Remi-Garcia-BLOG.jpg?resize=150%2C150&amp;ssl=1 150w, https:\/\/i0.wp.com\/www.tirages-pro.com\/blog\/wp-content\/uploads\/2016\/02\/Derriere-l-objectif-avec-Remi-Garcia-Portrait-de-Remi-Garcia-BLOG.jpg?resize=300%2C300&amp;ssl=1 300w\" sizes=\"auto, (max-width: 600px) 100vw, 600px\" \/><\/figure>\n\n\n<p><DIV class=\"tpbadge \" style=\"\">Site Web<\/DIV><br \/>\n<a href=\"http:\/\/www.remigarcia.com\" target=\"_blank\" rel=\"noopener\">remigarcia.com<\/a><\/p>\n<p><DIV class=\"tpbadge \" style=\"\">Page Facebook<\/DIV><br \/>\n<a href=\"https:\/\/www.facebook.com\/remigarciaphoto\" target=\"_blank\" rel=\"noopener\">remigarciaphoto<\/a><\/p>\n<p><\/DIV><DIV class=\"tpcol tpcol-story\"><\/p>\n\n\n\n<h2 class=\"wp-block-heading\">Frou-Frou<\/h2>\n\n\n\n<p>Cette photographie repr\u00e9sente un contre jour de colibri hupp\u00e9 en train de butiner une fleur d\u2019arbre \u00e0 pompon.<\/p>\n\n\n\n<p>La gen\u00e8se de cette image ? J\u2019avais rep\u00e9r\u00e9 un soir que le soleil, lorsqu\u2019il terminait sa course avant de toucher l\u2019horizon, venait d\u2019abord percer l\u2019\u00e9pais feuillage de cet arbre. Ce m\u00eame arbre qu\u2019un colibri hupp\u00e9 avait d\u00e9cid\u00e9 d\u2019inclure dans son territoire. Cet arbre et ces fleurs qu&rsquo;il d\u00e9fendait farouchement face \u00e0 ses cong\u00e9n\u00e8res. L\u2019id\u00e9e n\u2019a fait qu\u2019un tour dans ma t\u00eate : je voulais absolument parvenir \u00e0 saisir un contre jour de ce colibri en vol devant une fleur, au moment pr\u00e9cis o\u00f9 le soleil pointe derri\u00e8re avant de dispara\u00eetre pour la nuit.<\/p>\n\n\n\n<p>Tant qu\u2019\u00e0 avoir l\u2019id\u00e9e, autant tenter de la r\u00e9aliser. Mais c\u2019\u00e9tait sans compter sur les centaines d\u2019autres fleurs qu\u2019arbore cet arbre, ni sur le libre arbitre de ce colibri qui n\u2019avait donc pas que cette fleur ou cet arbre en t\u00eate. La fen\u00eatre d\u2019opportunit\u00e9 pour obtenir la lumi\u00e8re que je voulais \u00e9tait d\u2019environ une heure.&nbsp;Une toute&nbsp;petite heure pendant laquelle le soleil per\u00e7ait p\u00e9niblement \u00e0 travers le feuillage dense \u00e0 cet endroit pr\u00e9cis, pour n&rsquo;\u00e9clairer que quelques fleurs. Encore fallait-il que le bolide de 4 grammes qui les butinait choisisse de passer pr\u00e9cis\u00e9ment au bon endroit, et au bon moment\u2026<\/p>\n\n\n\n<p>Ce qui me connaissent le savent : je peux \u00eatre t\u00eatu, tr\u00e8s t\u00eatu parfois. En tout cas un poil plus que ce colibri. Il m\u2019aura donc fallu 4 jours de rep\u00e9rage, de suivi, de longues heures de patience et d\u2019attente au coucher du soleil, post\u00e9 \u00e0 ce m\u00eame endroit.&nbsp;Des heures&nbsp;\u00e0 tr\u00e9pigner d\u2019impatience, appareil en main (tr\u00e9pied inutile et contreproductif dans ce cas de figure). De longs moments \u00e0 tressaillir \u00e0 chaque fois que je le voyais voler autour de moi, autour de cet arbre\u2026 4 jours pour enfin r\u00e9ussir \u00e0 r\u00e9aliser l\u2019image que je vous pr\u00e9sente aujourd\u2019hui.<\/p>\n\n\n\n<p>Fort heureusement, ces longues heures de rep\u00e9rage m\u2019avaient aussi permis de d\u00e9terminer au mieux les r\u00e9glages de mon appareil pour obtenir le rendu d\u00e9sir\u00e9. J&rsquo;avais choisi une vitesse d\u2019exposition ni trop rapide ni trop lente pour figer les ailes dans un (tr\u00e8s) l\u00e9ger flou, un diaphragme l\u00e9g\u00e8rement ferm\u00e9 pour garantir la nettet\u00e9 sur un sujet si petit et surtout une sous-exposition afin d\u2019assombrir l\u2019ensemble de la sc\u00e8ne. Lorsqu\u2019enfin il est apparu sur cette fleur, je n\u2019ai eu droit qu\u2019\u00e0 3 ou 4 secondes.&nbsp;Juste le&nbsp;temps de cadrer et de d\u00e9clencher. Ce bolide volant ne m\u2019a pas laisser le temps de comprendre ce qui se passait, et \u00e9tait reparti avant m\u00eame que j\u2019ai r\u00e9ellement pu r\u00e9aliser qu\u2019il \u00e9tait enfin venu l\u00e0 o\u00f9 je l\u2019attendais\u2026 Merci \u00e0 lui.<\/p>\n\n\n\n<p>R\u00e9mi Garcia<\/p>\n\n\n\n<hr class=\"wp-block-separator has-alpha-channel-opacity\"\/>\n\n\n<p><DIV class=\"tpcols \"><DIV class=\"tpcol \"><DIV class=\"tpbadge \" style=\"width: 100%; \">Date<\/DIV><\/DIV><DIV class=\"tpcol \">12.4.2014<\/DIV><\/DIV><DIV class=\"tpcols \"><DIV class=\"tpcol \"><DIV class=\"tpbadge \" style=\"width: 100%; \">Boitier<\/DIV><\/DIV><DIV class=\"tpcol \">Nikon D4<\/DIV><\/DIV><DIV class=\"tpcols \"><DIV class=\"tpcol \"><DIV class=\"tpbadge \" style=\"width: 100%; \">Objectif<\/DIV><\/DIV><DIV class=\"tpcol \">Nikon AF-S 500mm VR II<\/DIV><\/DIV><DIV class=\"tpcols \"><DIV class=\"tpcol \"><DIV class=\"tpbadge \" style=\"width: 100%; \">Focale<\/DIV><\/DIV><DIV class=\"tpcol \">500 mm<\/DIV><\/DIV><DIV class=\"tpcols \"><DIV class=\"tpcol \"><DIV class=\"tpbadge \" style=\"width: 100%; \">Exposition<\/DIV><\/DIV><DIV class=\"tpcol \">1\/800 s<\/DIV><\/DIV><DIV class=\"tpcols \"><DIV class=\"tpcol \"><DIV class=\"tpbadge \" style=\"width: 100%; \">Ouverture<\/DIV><\/DIV><DIV class=\"tpcol \">f\/7.1<\/DIV><\/DIV><DIV class=\"tpcols \"><DIV class=\"tpcol \"><DIV class=\"tpbadge \" style=\"width: 100%; \">Sensibilit\u00e9<\/DIV><\/DIV><DIV class=\"tpcol \">ISO 500<\/DIV><\/DIV><\/p>\n\n\n\n<hr class=\"wp-block-separator has-alpha-channel-opacity\"\/>\n\n\n\n<p>Cr\u00e9dits photos :<\/p>\n\n\n\n<ul class=\"wp-block-list\">\n<li>Image Frou-Frou&nbsp;:&nbsp;R\u00e9mi Garcia<\/li>\n\n\n\n<li>Portrait de R\u00e9mi&nbsp;:&nbsp;Coralie Perrin<\/li>\n<\/ul>\n\n\n<p><\/DIV><\/DIV>\n","protected":false},"excerpt":{"rendered":"<p>Dans Derri\u00e8re l&rsquo;objectif, un photographe nous raconte une de ses images. Aujourd&rsquo;hui : Frou-Frou racont\u00e9e par R\u00e9mi Garcia. 4 jours d&rsquo;attente pour 4 grammes de bonheur&#8230;<\/p>\n","protected":false},"author":10,"featured_media":2829,"comment_status":"open","ping_status":"open","sticky":false,"template":"","format":"standard","meta":{"_seopress_robots_primary_cat":"none","_seopress_titles_title":"","_seopress_titles_desc":"","_seopress_robots_index":"","inline_featured_image":false,"_themeisle_gutenberg_block_has_review":false,"footnotes":""},"categories":[161],"tags":[217,181,173],"class_list":["post-2824","post","type-post","status-publish","format-standard","has-post-thumbnail","hentry","category-derriere-lobjectif","tag-featured","tag-photo-animaliere","tag-remi-garcia"],"_links":{"self":[{"href":"https:\/\/www.tirages-pro.com\/blog\/wp-json\/wp\/v2\/posts\/2824","targetHints":{"allow":["GET"]}}],"collection":[{"href":"https:\/\/www.tirages-pro.com\/blog\/wp-json\/wp\/v2\/posts"}],"about":[{"href":"https:\/\/www.tirages-pro.com\/blog\/wp-json\/wp\/v2\/types\/post"}],"author":[{"embeddable":true,"href":"https:\/\/www.tirages-pro.com\/blog\/wp-json\/wp\/v2\/users\/10"}],"replies":[{"embeddable":true,"href":"https:\/\/www.tirages-pro.com\/blog\/wp-json\/wp\/v2\/comments?post=2824"}],"version-history":[{"count":14,"href":"https:\/\/www.tirages-pro.com\/blog\/wp-json\/wp\/v2\/posts\/2824\/revisions"}],"predecessor-version":[{"id":5142,"href":"https:\/\/www.tirages-pro.com\/blog\/wp-json\/wp\/v2\/posts\/2824\/revisions\/5142"}],"wp:featuredmedia":[{"embeddable":true,"href":"https:\/\/www.tirages-pro.com\/blog\/wp-json\/wp\/v2\/media\/2829"}],"wp:attachment":[{"href":"https:\/\/www.tirages-pro.com\/blog\/wp-json\/wp\/v2\/media?parent=2824"}],"wp:term":[{"taxonomy":"category","embeddable":true,"href":"https:\/\/www.tirages-pro.com\/blog\/wp-json\/wp\/v2\/categories?post=2824"},{"taxonomy":"post_tag","embeddable":true,"href":"https:\/\/www.tirages-pro.com\/blog\/wp-json\/wp\/v2\/tags?post=2824"}],"curies":[{"name":"wp","href":"https:\/\/api.w.org\/{rel}","templated":true}]}}