{"id":4087,"date":"2017-09-21T08:48:52","date_gmt":"2017-09-21T06:48:52","guid":{"rendered":"https:\/\/www.tirages-pro.com\/blog\/?p=4087"},"modified":"2026-02-16T22:59:48","modified_gmt":"2026-02-16T21:59:48","slug":"derriere-lobjectif-fabien-dal-vecchio","status":"publish","type":"post","link":"https:\/\/www.tirages-pro.com\/blog\/2017\/09\/derriere-lobjectif-fabien-dal-vecchio\/","title":{"rendered":"Derri\u00e8re l&rsquo;objectif avec Fabien Dal Vecchio"},"content":{"rendered":"\n<p>Dans <span style=\"text-decoration: underline;\">Derri\u00e8re l&rsquo;objectif<\/span>, un photographe nous raconte une de ses images.<\/p>\n\n\n\n<p>Aujourd&rsquo;hui : <span style=\"text-decoration: underline;\">Siguret &#8211; Vall\u00e9e de l&rsquo;Ubaye<\/span> racont\u00e9e par Fabien Dal Vecchio. Le grand frisson en perspective&#8230;<\/p>\n\n\n\n<figure class=\"wp-block-image aligncenter\"><img data-recalc-dims=\"1\" loading=\"lazy\" decoding=\"async\" width=\"1021\" height=\"680\" src=\"https:\/\/i0.wp.com\/www.tirages-pro.com\/blog\/wp-content\/uploads\/2017\/09\/Derriere-l-objectif-avec-Fabien-Dal-Vecchio-Siguret-Vallee-de-lUbaye-BLOG.jpg?resize=1021%2C680&#038;ssl=1\" alt=\"Derriere l-objectif avec Fabien Dal Vecchio - Siguret - Vallee de l'Ubaye - BLOG\" class=\"wp-image-4089\" srcset=\"https:\/\/i0.wp.com\/www.tirages-pro.com\/blog\/wp-content\/uploads\/2017\/09\/Derriere-l-objectif-avec-Fabien-Dal-Vecchio-Siguret-Vallee-de-lUbaye-BLOG.jpg?resize=1021%2C680&amp;ssl=1 1021w, https:\/\/i0.wp.com\/www.tirages-pro.com\/blog\/wp-content\/uploads\/2017\/09\/Derriere-l-objectif-avec-Fabien-Dal-Vecchio-Siguret-Vallee-de-lUbaye-BLOG.jpg?resize=300%2C200&amp;ssl=1 300w, https:\/\/i0.wp.com\/www.tirages-pro.com\/blog\/wp-content\/uploads\/2017\/09\/Derriere-l-objectif-avec-Fabien-Dal-Vecchio-Siguret-Vallee-de-lUbaye-BLOG.jpg?w=1200&amp;ssl=1 1200w\" sizes=\"auto, (max-width: 1000px) 100vw, 1000px\" \/><\/figure>\n\n\n<DIV class=\"tpcols \"><DIV class=\"tpcol tpcol-author\"><\/p>\n\n\n\n<figure class=\"wp-block-image size-thumbnail is-resized has-custom-border\"><img alt=\"\" loading=\"lazy\" decoding=\"async\" width=\"600\" height=\"600\" src=\"https:\/\/i0.wp.com\/www.tirages-pro.com\/blog\/wp-content\/uploads\/2017\/09\/Derriere-l-objectif-avec-Fabien-Dal-Vecchio-Portrait-Fabien-Dal-Vecchio-BLOG.jpg?resize=150%2C150&amp;ssl=1\" alt=\"\" class=\"wp-image-4088\" style=\"border-top-left-radius:100%;border-top-right-radius:100%;border-bottom-left-radius:100%;border-bottom-right-radius:100%;width:200px\" srcset=\"https:\/\/i0.wp.com\/www.tirages-pro.com\/blog\/wp-content\/uploads\/2017\/09\/Derriere-l-objectif-avec-Fabien-Dal-Vecchio-Portrait-Fabien-Dal-Vecchio-BLOG.jpg?w=600&amp;ssl=1 600w, https:\/\/i0.wp.com\/www.tirages-pro.com\/blog\/wp-content\/uploads\/2017\/09\/Derriere-l-objectif-avec-Fabien-Dal-Vecchio-Portrait-Fabien-Dal-Vecchio-BLOG.jpg?resize=150%2C150&amp;ssl=1 150w, https:\/\/i0.wp.com\/www.tirages-pro.com\/blog\/wp-content\/uploads\/2017\/09\/Derriere-l-objectif-avec-Fabien-Dal-Vecchio-Portrait-Fabien-Dal-Vecchio-BLOG.jpg?resize=300%2C300&amp;ssl=1 300w\" sizes=\"auto, (max-width: 600px) 100vw, 600px\" \/><\/figure>\n\n\n<p><DIV class=\"tpbadge \" style=\"\">Site Web<\/DIV><br \/>\n<a href=\"http:\/\/www.visunature.com\" target=\"_blank\" rel=\"noopener\">visunature.com<\/a><\/p>\n<p><DIV class=\"tpbadge \" style=\"\">Page Facebook<\/DIV><br \/>\n<a href=\"https:\/\/www.facebook.com\/fabien.dalvecchio\" target=\"_blank\" rel=\"noopener\">fabien.dalvecchio<\/a><\/p>\n<p><\/DIV><DIV class=\"tpcol tpcol-story\"><\/p>\n\n\n\n<h2 class=\"wp-block-heading\">Siguret, Vall\u00e9e de l&rsquo;Ubaye &#8211; Fabien Dal Vecchio<\/h2>\n\n\n\n<p>Arriv\u00e9 dans les Alpes de Haute Provence \u00e0 l\u2019\u00e2ge de dix ans, j\u2019ai \u00e9t\u00e9 imm\u00e9diatement captiv\u00e9 par la beaut\u00e9 des reliefs environnants qui allaient devenir un de mes terrains de jeu favori. Quelques ann\u00e9es plus tard, la photographie s\u2019est naturellement immisc\u00e9e dans mes exp\u00e9ditions d\u2019altitude.<\/p>\n\n\n\n<p>L\u2019id\u00e9e de gravir la T\u00eate de Siguret m\u2019avait d\u00e9j\u00e0 effleur\u00e9 l\u2019esprit, mais l\u2019itin\u00e9raire qui m\u00e8ne jusqu\u2019\u00e0 son sommet est relativement engag\u00e9. Cette montagne est longtemps rest\u00e9e l\u2019objet de longues contemplations. Durant l\u2019hiver dernier, f\u00e9vrier 2017, je d\u00e9cide de partir bivouaquer avec mon ami Fabrice pour tester dans un premier temps une nouvelle tente 4 saisons. La m\u00e9t\u00e9o annonc\u00e9e est temp\u00e9tueuse, ciel charg\u00e9, vents violents et chutes de neige \u00e0 partir de 900 m\u00e8tres d\u2019altitude&nbsp;: \u00ab&nbsp;l\u2019hiver arrive enfin&nbsp;!&nbsp;\u00bb. L\u2019ascension s\u2019effectuera en raquettes avec nos sacs \u00e0 dos d\u00e9passant all\u00e8grement les vingt kilogrammes pr\u00e9conis\u00e9s par mon ost\u00e9opathe.<\/p>\n\n\n\n<p>Le campement est finalement install\u00e9 durant le court intervalle entre le mauvais temps et la temp\u00eate qui s\u2019abattra sur toutes les cr\u00eates de la vall\u00e9e. Des rafales \u00e0 plus de 100 km\/h balaieront les cr\u00eates et sommets \u00e0 port\u00e9e de mon regard. Mais je garde un \u0153il attentif sur l\u2019objet de toutes mes convoitises. La temp\u00eate se d\u00e9chainera sur Siguret durant plus d\u2019une heure, \u00e9jectant la quasi-totalit\u00e9 du manteau neigeux pr\u00e9sent sur les magnifiques for\u00eats de m\u00e9l\u00e8zes agripp\u00e9s sur les pentes raides de cette montagne que ne se laisse pas si facilement approcher.<\/p>\n\n\n\n<p>Rester statique dans le froid intense n\u2019est souvent pas chose facile malgr\u00e9 tout l\u2019\u00e9quipement embarqu\u00e9 durant cette belle exp\u00e9dition, mais d\u00e8s lors que le spectacle se met petit \u00e0 petit en marche, mon attention reste riv\u00e9e sur les jeux de lumi\u00e8re que le vent m\u00e8ne d\u2019une main de maitre.<\/p>\n\n\n\n<p>La temp\u00eate tant annonc\u00e9e s\u2019installe au fur et \u00e0 mesure tout autour de nous. Il y a&nbsp;des \u00e9ruptions neigeuses un peu partout&nbsp;! La puissance des reliefs est enfin d\u00e9voil\u00e9e. Au loin les derniers chamois rest\u00e9s post\u00e9s en altitude galopent en direction des for\u00eats voisines afin de se prot\u00e9ger des vents violents. Assister \u00e0 l\u2019apocalypse g\u00e9n\u00e9r\u00e9e par les \u00e9l\u00e9ments reste une de mes principales motivations pour d\u00e9clencher sur le boitier photo. Cette sc\u00e8ne a&nbsp;\u00e9t\u00e9 captur\u00e9e avec mon fid\u00e8le 70-200 mm que j\u2019embarque dans toutes mes aventures. Je suis de plus en plus adepte des plans serr\u00e9s, pour tenter de restituer les d\u00e9tails cach\u00e9s de nos si belles montagnes Ubayennes. Le \u00ab&nbsp;grand frisson&nbsp;\u00bb que je recherchais \u00e0 cet instant est atteint. Il me tarde \u00e0 pr\u00e9sent de revivre ce type de sc\u00e8ne durant les hivers \u00e0 venir&nbsp;!<\/p>\n\n\n\n<p>Fabien Dal Vecchio<\/p>\n\n\n\n<hr class=\"wp-block-separator has-alpha-channel-opacity\"\/>\n\n\n<p><DIV class=\"tpcols \"><DIV class=\"tpcol \"><DIV class=\"tpbadge \" style=\"width: 100%; \">Date<\/DIV><\/DIV><DIV class=\"tpcol \">4.2.2017<\/DIV><\/DIV><DIV class=\"tpcols \"><DIV class=\"tpcol \"><DIV class=\"tpbadge \" style=\"width: 100%; \">Boitier<\/DIV><\/DIV><DIV class=\"tpcol \">Nikon D4<\/DIV><\/DIV><DIV class=\"tpcols \"><DIV class=\"tpcol \"><DIV class=\"tpbadge \" style=\"width: 100%; \">Objectif<\/DIV><\/DIV><DIV class=\"tpcol \">Nikon 70-200 mm f\/2.8<\/DIV><\/DIV><DIV class=\"tpcols \"><DIV class=\"tpcol \"><DIV class=\"tpbadge \" style=\"width: 100%; \">Focale<\/DIV><\/DIV><DIV class=\"tpcol \">155 mm<\/DIV><\/DIV><DIV class=\"tpcols \"><DIV class=\"tpcol \"><DIV class=\"tpbadge \" style=\"width: 100%; \">Exposition<\/DIV><\/DIV><DIV class=\"tpcol \">1\/800 s<\/DIV><\/DIV><DIV class=\"tpcols \"><DIV class=\"tpcol \"><DIV class=\"tpbadge \" style=\"width: 100%; \">Ouverture<\/DIV><\/DIV><DIV class=\"tpcol \">f\/14.0<\/DIV><\/DIV><DIV class=\"tpcols \"><DIV class=\"tpcol \"><DIV class=\"tpbadge \" style=\"width: 100%; \">Sensibilit\u00e9<\/DIV><\/DIV><DIV class=\"tpcol \">ISO 200<\/DIV><\/DIV><\/p>\n\n\n\n<hr class=\"wp-block-separator has-alpha-channel-opacity is-style-default\"\/>\n\n\n\n<figure class=\"wp-block-image aligncenter size-medium is-resized\"><img loading=\"lazy\" decoding=\"async\" width=\"1200\" height=\"800\" src=\"https:\/\/i0.wp.com\/www.tirages-pro.com\/blog\/wp-content\/uploads\/2017\/09\/Derriere-l-objectif-avec-Fabien-Dal-Vecchio-Couverture-Mercantour-BLOG.jpg?fit=300%2C200&amp;ssl=1\" alt=\"Derriere l-objectif avec Fabien Dal Vecchio - Couverture Mercantour\" class=\"wp-image-4116\" style=\"width:300px\" srcset=\"https:\/\/i0.wp.com\/www.tirages-pro.com\/blog\/wp-content\/uploads\/2017\/09\/Derriere-l-objectif-avec-Fabien-Dal-Vecchio-Couverture-Mercantour-BLOG.jpg?w=1200&amp;ssl=1 1200w, https:\/\/i0.wp.com\/www.tirages-pro.com\/blog\/wp-content\/uploads\/2017\/09\/Derriere-l-objectif-avec-Fabien-Dal-Vecchio-Couverture-Mercantour-BLOG.jpg?resize=1020%2C680&amp;ssl=1 1020w, https:\/\/i0.wp.com\/www.tirages-pro.com\/blog\/wp-content\/uploads\/2017\/09\/Derriere-l-objectif-avec-Fabien-Dal-Vecchio-Couverture-Mercantour-BLOG.jpg?resize=300%2C200&amp;ssl=1 300w\" sizes=\"auto, (max-width: 1000px) 100vw, 1000px\" \/><\/figure>\n\n\n\n<p>Cette image et l&rsquo;ambiance du r\u00e9cit de Fabien vous ont plues ? N&rsquo;h\u00e9sitez pas \u00e0 prolonger l&rsquo;immersion en commandant le livre <a href=\"https:\/\/visunature.com\/mercantour-le-livre-pre-commandes\/\" data-type=\"link\" data-id=\"https:\/\/visunature.com\/mercantour-le-livre-pre-commandes\/\" target=\"_blank\" rel=\"noreferrer noopener\">Mercantour, \u00c9ditions Montagne sans Fronti\u00e8res<\/a>, que Fabien publie avec Claude Gouron.<\/p>\n\n\n\n<hr class=\"wp-block-separator has-alpha-channel-opacity\"\/>\n\n\n\n<p>Cr\u00e9dits photos :<\/p>\n\n\n\n<ul class=\"wp-block-list\">\n<li>Image Siguret &#8211; Vall\u00e9e de l&rsquo;Ubaye&nbsp;:&nbsp;Fabien Dal Vecchio<\/li>\n\n\n\n<li>Portrait de Fabien&nbsp;: Fabien Dal Vecchio \ud83d\ude42<\/li>\n<\/ul>\n\n\n<p><\/DIV><\/DIV>\n","protected":false},"excerpt":{"rendered":"<p>Dans Derri\u00e8re l&rsquo;objectif, un photographe nous raconte une de ses images. Aujourd&rsquo;hui : Siguret &#8211; Vall\u00e9e de l&rsquo;Ubaye racont\u00e9e par Fabien Dal Vecchio. Le grand frisson en perspective&#8230;<\/p>\n","protected":false},"author":10,"featured_media":4119,"comment_status":"open","ping_status":"open","sticky":false,"template":"","format":"standard","meta":{"_seopress_robots_primary_cat":"none","_seopress_titles_title":"","_seopress_titles_desc":"","_seopress_robots_index":"","inline_featured_image":false,"_themeisle_gutenberg_block_has_review":false,"footnotes":""},"categories":[161],"tags":[126],"class_list":["post-4087","post","type-post","status-publish","format-standard","has-post-thumbnail","hentry","category-derriere-lobjectif","tag-fabien-dal-vecchio"],"_links":{"self":[{"href":"https:\/\/www.tirages-pro.com\/blog\/wp-json\/wp\/v2\/posts\/4087","targetHints":{"allow":["GET"]}}],"collection":[{"href":"https:\/\/www.tirages-pro.com\/blog\/wp-json\/wp\/v2\/posts"}],"about":[{"href":"https:\/\/www.tirages-pro.com\/blog\/wp-json\/wp\/v2\/types\/post"}],"author":[{"embeddable":true,"href":"https:\/\/www.tirages-pro.com\/blog\/wp-json\/wp\/v2\/users\/10"}],"replies":[{"embeddable":true,"href":"https:\/\/www.tirages-pro.com\/blog\/wp-json\/wp\/v2\/comments?post=4087"}],"version-history":[{"count":16,"href":"https:\/\/www.tirages-pro.com\/blog\/wp-json\/wp\/v2\/posts\/4087\/revisions"}],"predecessor-version":[{"id":5137,"href":"https:\/\/www.tirages-pro.com\/blog\/wp-json\/wp\/v2\/posts\/4087\/revisions\/5137"}],"wp:featuredmedia":[{"embeddable":true,"href":"https:\/\/www.tirages-pro.com\/blog\/wp-json\/wp\/v2\/media\/4119"}],"wp:attachment":[{"href":"https:\/\/www.tirages-pro.com\/blog\/wp-json\/wp\/v2\/media?parent=4087"}],"wp:term":[{"taxonomy":"category","embeddable":true,"href":"https:\/\/www.tirages-pro.com\/blog\/wp-json\/wp\/v2\/categories?post=4087"},{"taxonomy":"post_tag","embeddable":true,"href":"https:\/\/www.tirages-pro.com\/blog\/wp-json\/wp\/v2\/tags?post=4087"}],"curies":[{"name":"wp","href":"https:\/\/api.w.org\/{rel}","templated":true}]}}