{"id":4232,"date":"2018-11-12T19:11:27","date_gmt":"2018-11-12T18:11:27","guid":{"rendered":"https:\/\/www.tirages-pro.com\/blog\/?p=4232"},"modified":"2024-12-09T23:25:52","modified_gmt":"2024-12-09T22:25:52","slug":"tiragespro-vous-expose-a-montier-2018-les-laureats","status":"publish","type":"post","link":"https:\/\/www.tirages-pro.com\/blog\/2018\/11\/tiragespro-vous-expose-a-montier-2018-les-laureats\/","title":{"rendered":"TiragesPro vous expose \u00e0 Montier 2018 : les laur\u00e9ats"},"content":{"rendered":"<p style=\"text-align: justify;\">Le concours TiragesPro \/ Hahnem\u00fchle \u00e0 l&rsquo;occasion du festival de Montier-en-Der s&rsquo;est termin\u00e9 avec plus de 504 participants et 1166 images. Cette nouvelle formule du concours a suscit\u00e9 l&rsquo;engouement avec de v\u00e9ritables p\u00e9pites.\u00a0Bravo \u00e0 tous !<\/p>\n<p style=\"text-align: justify;\">Voici donc les 5 laur\u00e9ats de cette huiti\u00e8me \u00e9dition.<br \/>\n<!--more--><\/p>\n<p style=\"text-align: justify;\">Pour rappel, les images des laur\u00e9ats sont expos\u00e9es sur notre stand \u00e0 Giffaumont\u00a0dans une des nombreuses finitions propos\u00e9es sur le site. Ils peuvent venir r\u00e9cup\u00e9rer leur \u0153uvre \u00e0 la fin du festival ou la recevront chez eux.<\/p>\n<p style=\"text-align: justify;\">En suppl\u00e9ment, le laur\u00e9at du Grand prix du Jury gagne une exposition compl\u00e8te de 10 tirages d&rsquo;art sur le papier Hahnem\u00fchle de son choix, contrecoll\u00e9s sur Dibond ! Les 4 autres laur\u00e9ats gagnent un tirage 40&#215;60 sur papier d&rsquo;art Hahnem\u00fchle de leur choix.<\/p>\n<p style=\"text-align: justify;\">Nous vous invitons \u00e0 venir admirer les tirages et discuter avec nous sur notre stand \u00e0 partir de jeudi 15 et jusqu&rsquo;au dimanche 18 novembre.<\/p>\n<p style=\"text-align: justify;\">Voici quelques informations concernant le concours.<\/p>\n<h2 style=\"text-align: justify;\">La m\u00e9thode<\/h2>\n<p style=\"text-align: justify;\">\u00c0 chaque participation par l&rsquo;interm\u00e9diaire du\u00a0formulaire, les informations telles que\u00a0le nom, le pr\u00e9nom, l&rsquo;adresse du participant ansi que le titre de l&rsquo;image sont stock\u00e9es dans une banque de donn\u00e9es et le fichier image est anonymis\u00e9.<\/p>\n<p style=\"text-align: justify;\">\u00c0 la fin du concours, les images de l&rsquo;ensemble des participants sont mises \u00e0 disposition des membres du Jury de mani\u00e8re s\u00e9curis\u00e9e.\u00a0Toutes les m\u00e9tadonn\u00e9es sont supprim\u00e9es au pr\u00e9alable (sauf les donn\u00e9es indispensables \u00e0 la visualisation telles que le profil couleur) et les images sont tri\u00e9es par cat\u00e9gorie et num\u00e9rot\u00e9es de mani\u00e8re al\u00e9atoire.<\/p>\n<p style=\"text-align: justify;\">La s\u00e9lection est donc, autant que faire se peut, anonyme. Ce n&rsquo;est qu&rsquo;une fois les images laur\u00e9ates choisies, que le nom des participants est recherch\u00e9 dans la banque de donn\u00e9es et attribu\u00e9.<\/p>\n<h2 style=\"text-align: justify;\">Le jury<\/h2>\n<p style=\"text-align: justify;\">Le jury cette ann\u00e9e \u00e9tait compos\u00e9 des 6 membres suivants :<\/p>\n<h3>C\u00e9line Jentzsch<\/h3>\n<p><img loading=\"lazy\" decoding=\"async\" class=\"tpgravatar\" src=\"https:\/\/secure.gravatar.com\/avatar\/550a4142fec423f6ccca787a9a445908?s=100&d=mm&r=g\" srcset=\"https:\/\/secure.gravatar.com\/avatar\/550a4142fec423f6ccca787a9a445908?s=200&d=mm&r=g 2x\" height=\"100\" width=\"100\">Photographe humaniste et voyageuse dans l&rsquo;\u00e2me, C\u00e9line invite \u00e0 des escapades artistiques tout autour du monde.<\/p>\n<p>Depuis 15 ans, elle sillonne la plan\u00e8te avec respect, sensibilit\u00e9 et g\u00e9n\u00e9rosit\u00e9. De l&rsquo;Asie \u00e0 l&rsquo;Afrique en passant par l&rsquo;Europe, elle capte les \u00e9motions \u00e0 la mani\u00e8re d&rsquo;une peintre et coloriste. Elle sait faire de chacune de ses rencontres avec les populations locales un v\u00e9ritable \u00e9change culturel et artistique.<\/p>\n<p>Laur\u00e9ate de nombreux prix internationaux, elle vient d&rsquo;ouvrir avec\u00a0son compagnon Samuel Bitton \u00a0une galerie en Suisse\u00a0\u00e0 Morges. Ils proposent \u00e9galement des voyages photo dans divers pays ainsi que des stages de perfectionnement technique.<\/p>\n<p>Plus d&rsquo;infos \u00a0<a href=\"https:\/\/www.evana.art\" target=\"_blank\" rel=\"noopener noreferrer\">ici<\/a>.<\/p>\n<h3 style=\"text-align: justify;\">R\u00e9mi Garcia<\/h3>\n<p style=\"text-align: justify;\"><img loading=\"lazy\" decoding=\"async\" class=\"tpgravatar\" src=\"https:\/\/secure.gravatar.com\/avatar\/724d8d4af46a195daf2d33ee374be4ea?s=100&d=mm&r=g\" srcset=\"https:\/\/secure.gravatar.com\/avatar\/724d8d4af46a195daf2d33ee374be4ea?s=200&d=mm&r=g 2x\" height=\"100\" width=\"100\">N\u00e9 en 1983 dans le sud-ouest de la France, R\u00e9mi a grandi en Guyane fran\u00e7aise. C&rsquo;est sans doute l\u00e0-bas qu&rsquo;il r\u00e9alis\u00e9 \u00e0 quel point la Nature est importante \u00e0 ses yeux.\u00a0La photographie, qu&rsquo;il consid\u00e8re d&rsquo;abord comme un jeu et un outil de partage, devient alors\u00a0au fil des ann\u00e9es une partie de lui.<\/p>\n<p style=\"text-align: justify;\">Perfectionniste infatigable, R\u00e9mi nourrit sa photographie de son exp\u00e9rience professionnelle dans les domaines de la gestion de projet, de l&rsquo;am\u00e9lioration continue et de la protection de l&rsquo;environnement.<\/p>\n<p style=\"text-align: justify;\">En 2014, pour sa 2<sup>e<\/sup> participation au festival de Montier-en-Der, il pr\u00e9sente\u00a0une exposition sur les esp\u00e8ces end\u00e9miques de la Martinique\u00a0en voie de disparition. Le graphisme \u00e9pur\u00e9 des images ainsi que l&rsquo;investissement de temps n\u00e9cessaire \u00e0 leur\u00a0r\u00e9alisation furent largement salu\u00e9s.<\/p>\n<p>Plus d&rsquo;infos \u00a0<a href=\"https:\/\/www.remigarcia.com\" target=\"_blank\" rel=\"noopener noreferrer\">ici<\/a>.<\/p>\n<h3 style=\"text-align: justify;\">Patrice Mestari<\/h3>\n<p style=\"text-align: justify;\"><img loading=\"lazy\" decoding=\"async\" class=\"tpgravatar\" src=\"https:\/\/secure.gravatar.com\/avatar\/9fdbac34bd989a6a3d4b886856c62404?s=100&d=mm&r=g\" srcset=\"https:\/\/secure.gravatar.com\/avatar\/9fdbac34bd989a6a3d4b886856c62404?s=200&d=mm&r=g 2x\" height=\"100\" width=\"100\">Photographe depuis plus de 15 ans, Patrice a acquis une solide renomm\u00e9e dans\u00a0la photographie de paysage, sa discipline de pr\u00e9dilection. Amoureux des grands espaces, il aime retranscrire les ambiances tumultueuses et plonger les spectateurs dans des d\u00e9cors sauvages et grandioses.<\/p>\n<p style=\"text-align: justify;\">Dou\u00e9 d&rsquo;une facult\u00e9 \u00e0 d\u00e9couvrir le potentiel\u00a0d&rsquo;un lieu en un clin d&rsquo;\u0153il et adepte des pr\u00e9parations m\u00e9ticuleuses, il est l&rsquo;auteur de nombreux articles sur la photographie de paysage.<\/p>\n<p>N\u00e9 dans les Alpes et apr\u00e8s avoir v\u00e9cu plusieurs ann\u00e9es en \u00c9cosse, il anime des stages photo tr\u00e8s pris\u00e9s des photographes et r\u00e9alise r\u00e9guli\u00e8rement des reportages de mariages, des portraits et autres sessions sur mesure.<\/p>\n<p>Plus d&rsquo;infos \u00a0<a href=\"https:\/\/www.patricemestari.com\" target=\"_blank\" rel=\"noopener noreferrer\">ici<\/a>.<\/p>\n<h3>Kevin Meynier<\/h3>\n<p><img loading=\"lazy\" decoding=\"async\" class=\"tpgravatar\" src=\"https:\/\/secure.gravatar.com\/avatar\/f41f28b4da31b9df5636cf10e2e28bbb?s=100&d=mm&r=g\" srcset=\"https:\/\/secure.gravatar.com\/avatar\/f41f28b4da31b9df5636cf10e2e28bbb?s=200&d=mm&r=g 2x\" height=\"100\" width=\"100\">Apr\u00e8s plusieurs ann\u00e9es pass\u00e9es dans les sports extr\u00eames et en tant qu&rsquo;accompagnateur ski\/snowboard dans les Alpes, Kevin vit d\u00e9sormais dans les Pyr\u00e9n\u00e9es qu&rsquo;il sillonne d\u00e8s qu&rsquo;il le peut. Constamment \u00e0 la recherche d&rsquo;ambiances tourment\u00e9es, il d\u00e9veloppe peu \u00e0 peu un style tracass\u00e9, sombre et r\u00eaveur, qui rend ses images reconnaissables en photographie de nature et de paysage.<\/p>\n<p>Minutieux et \u00e9ternel insatisfait, il s&rsquo;occupe chez TiragesPro tout particuli\u00e8rement des r\u00e9seaux sociaux Facebook et Instagram.<\/p>\n<p>Plus d&rsquo;infos \u00a0<a href=\"https:\/\/www.kevinmeynier.fr\" target=\"_blank\" rel=\"noopener noreferrer\">ici<\/a>.<\/p>\n<h3>Tom Mosack<\/h3>\n<p><img loading=\"lazy\" decoding=\"async\" class=\"tpgravatar\" src=\"https:\/\/secure.gravatar.com\/avatar\/f0b3cd655d50fca162f6c8913e91aee1?s=100&d=mm&r=g\" srcset=\"https:\/\/secure.gravatar.com\/avatar\/f0b3cd655d50fca162f6c8913e91aee1?s=200&d=mm&r=g 2x\" height=\"100\" width=\"100\">Tom est le fondateur et directeur de Stage Photo Pyr\u00e9n\u00e9es. Photographe autodidacte, c&rsquo;est en 2012 qu&rsquo;il d\u00e9cide de se consacrer enti\u00e8rement au d\u00e9veloppement des stages photos dans la r\u00e9gion du sud ouest.<\/p>\n<p>Son calme naturel\u00a0et sa capacit\u00e9 \u00e0 synth\u00e9tiser les processus\u00a0complexes de la photographie de nature en les rendant accessibles lui ont permis de devenir un coach tr\u00e8s\u00a0appr\u00e9ci\u00e9 tant\u00a0des n\u00e9ophytes ainsi accompagn\u00e9s dans l&rsquo;apprentissage de la pratique photographique, que des photographes confirm\u00e9s d\u00e9sireux de parfaire leurs connaissances ou de d\u00e9couvrir une nouvelle r\u00e9gion.<\/p>\n<p>Plus d&rsquo;infos \u00a0<a href=\"https:\/\/www.stage-photo-pyrenees.fr\" target=\"_blank\" rel=\"noopener noreferrer\">ici<\/a>.<\/p>\n<h3>R\u00e9gis Derimay<\/h3>\n<p><img loading=\"lazy\" decoding=\"async\" class=\"tpgravatar\" src=\"https:\/\/secure.gravatar.com\/avatar\/5990e52be6c7a6d471e0687dcfbdb562?s=100&d=mm&r=g\" srcset=\"https:\/\/secure.gravatar.com\/avatar\/5990e52be6c7a6d471e0687dcfbdb562?s=200&d=mm&r=g 2x\" height=\"100\" width=\"100\">R\u00e9gis est le fondateur et directeur du laboratoire\u00a0photographique TiragesPro. Apr\u00e8s plusieurs ann\u00e9es pass\u00e9es dans le monde de l&rsquo;optimisation de production, il fait la constatation en 2009 qu&rsquo;il est impossible\u00a0de trouver un labo capable de tirer fid\u00e8lement ses images pour un prix raisonnable et d\u00e9cide de cr\u00e9er TiragesPro.<\/p>\n<p>Bas\u00e9 sur la combinaison d&rsquo;une gestion de commande minutieuse et d&rsquo;une attention constante \u00e0 la qualit\u00e9, TiragesPro s&rsquo;est impos\u00e9 au fil des ans comme un des labos de pointe pl\u00e9biscit\u00e9\u00a0par tous. Sa devise : \u00ab\u00a0Les clients ne peuvent jamais \u00eatre aussi maniaques que nous !\u00a0\u00bb<\/p>\n<h2>Les r\u00e9sultats<\/h2>\n<h3>Grand Prix du Jury :\u00a0In the storm &#8211; Damien Gosselin<\/h3>\n<p>Damien Gosselin obtient\u00a0le Grand Prix du Jury pour son image In the storm. Bravo \u00e0 lui.<\/p>\n<figure id=\"attachment_4252\" aria-describedby=\"caption-attachment-4252\" style=\"width: 900px\" class=\"wp-caption aligncenter\"><img data-recalc-dims=\"1\" alt=\"\" loading=\"lazy\" decoding=\"async\" class=\"size-full wp-image-4252\" src=\"https:\/\/i0.wp.com\/www.tirages-pro.com\/blog\/wp-content\/uploads\/2018\/11\/Montier-en-Der-2018-Les-Laureats-In-the-storm-Damien-Gosselin-BLOG.jpg?resize=900%2C600&#038;ssl=1\" alt=\"\" width=\"900\" height=\"600\" srcset=\"https:\/\/i0.wp.com\/www.tirages-pro.com\/blog\/wp-content\/uploads\/2018\/11\/Montier-en-Der-2018-Les-Laureats-In-the-storm-Damien-Gosselin-BLOG.jpg?w=900&amp;ssl=1 900w, https:\/\/i0.wp.com\/www.tirages-pro.com\/blog\/wp-content\/uploads\/2018\/11\/Montier-en-Der-2018-Les-Laureats-In-the-storm-Damien-Gosselin-BLOG.jpg?resize=300%2C200&amp;ssl=1 300w\" sizes=\"auto, (max-width: 900px) 100vw, 900px\" \/><figcaption id=\"caption-attachment-4252\" class=\"wp-caption-text\">In the storm &#8211; Damien Gosselin<\/figcaption><\/figure>\n<h3>Les laur\u00e9ats<\/h3>\n<h4>L&rsquo;Oc\u00e9an pleure &#8211; Yannick Delbos<\/h4>\n<figure id=\"attachment_4251\" aria-describedby=\"caption-attachment-4251\" style=\"width: 643px\" class=\"wp-caption aligncenter\"><img data-recalc-dims=\"1\" alt=\"\" loading=\"lazy\" decoding=\"async\" class=\"size-full wp-image-4251\" src=\"https:\/\/i0.wp.com\/www.tirages-pro.com\/blog\/wp-content\/uploads\/2018\/11\/Montier-en-Der-2018-Les-Laureats-LOc%C3%A9an-pleure-Yannick-Delbos-BLOG.jpg?resize=643%2C900&#038;ssl=1\" alt=\"\" width=\"643\" height=\"900\" srcset=\"https:\/\/i0.wp.com\/www.tirages-pro.com\/blog\/wp-content\/uploads\/2018\/11\/Montier-en-Der-2018-Les-Laureats-LOc%C3%A9an-pleure-Yannick-Delbos-BLOG.jpg?w=643&amp;ssl=1 643w, https:\/\/i0.wp.com\/www.tirages-pro.com\/blog\/wp-content\/uploads\/2018\/11\/Montier-en-Der-2018-Les-Laureats-LOc%C3%A9an-pleure-Yannick-Delbos-BLOG.jpg?resize=486%2C680&amp;ssl=1 486w, https:\/\/i0.wp.com\/www.tirages-pro.com\/blog\/wp-content\/uploads\/2018\/11\/Montier-en-Der-2018-Les-Laureats-LOc%C3%A9an-pleure-Yannick-Delbos-BLOG.jpg?resize=214%2C300&amp;ssl=1 214w\" sizes=\"auto, (max-width: 643px) 100vw, 643px\" \/><figcaption id=\"caption-attachment-4251\" class=\"wp-caption-text\">L&rsquo;Oc\u00e9an pleure &#8211; Yannick Delbos<\/figcaption><\/figure>\n<h4>S\u00e9r\u00e9nade &#8211; Fabien Dubessy<\/h4>\n<figure id=\"attachment_4249\" aria-describedby=\"caption-attachment-4249\" style=\"width: 900px\" class=\"wp-caption aligncenter\"><img data-recalc-dims=\"1\" alt=\"\" loading=\"lazy\" decoding=\"async\" class=\"size-full wp-image-4249\" src=\"https:\/\/i0.wp.com\/www.tirages-pro.com\/blog\/wp-content\/uploads\/2018\/11\/Montier-en-Der-2018-Les-Laureats-S%C3%A9r%C3%A9nade-Fabien-Dubessy-BLOG.jpg?resize=900%2C600&#038;ssl=1\" alt=\"\" width=\"900\" height=\"600\" srcset=\"https:\/\/i0.wp.com\/www.tirages-pro.com\/blog\/wp-content\/uploads\/2018\/11\/Montier-en-Der-2018-Les-Laureats-S%C3%A9r%C3%A9nade-Fabien-Dubessy-BLOG.jpg?w=900&amp;ssl=1 900w, https:\/\/i0.wp.com\/www.tirages-pro.com\/blog\/wp-content\/uploads\/2018\/11\/Montier-en-Der-2018-Les-Laureats-S%C3%A9r%C3%A9nade-Fabien-Dubessy-BLOG.jpg?resize=300%2C200&amp;ssl=1 300w\" sizes=\"auto, (max-width: 900px) 100vw, 900px\" \/><figcaption id=\"caption-attachment-4249\" class=\"wp-caption-text\">S\u00e9r\u00e9nade &#8211; Fabien Dubessy<\/figcaption><\/figure>\n<h4>\u00c9l\u00e9vation &#8211; J\u00e9r\u00f4me Obiols<\/h4>\n<figure id=\"attachment_4248\" aria-describedby=\"caption-attachment-4248\" style=\"width: 450px\" class=\"wp-caption aligncenter\"><img data-recalc-dims=\"1\" alt=\"\" loading=\"lazy\" decoding=\"async\" class=\"size-full wp-image-4248\" src=\"https:\/\/i0.wp.com\/www.tirages-pro.com\/blog\/wp-content\/uploads\/2018\/11\/Montier-en-Der-2018-Les-Laureats-El%C3%A9vation-J%C3%A9r%C3%B4me-Obiols-BLOG.jpg?resize=450%2C900&#038;ssl=1\" alt=\"\" width=\"450\" height=\"900\" srcset=\"https:\/\/i0.wp.com\/www.tirages-pro.com\/blog\/wp-content\/uploads\/2018\/11\/Montier-en-Der-2018-Les-Laureats-El%C3%A9vation-J%C3%A9r%C3%B4me-Obiols-BLOG.jpg?w=450&amp;ssl=1 450w, https:\/\/i0.wp.com\/www.tirages-pro.com\/blog\/wp-content\/uploads\/2018\/11\/Montier-en-Der-2018-Les-Laureats-El%C3%A9vation-J%C3%A9r%C3%B4me-Obiols-BLOG.jpg?resize=340%2C680&amp;ssl=1 340w, https:\/\/i0.wp.com\/www.tirages-pro.com\/blog\/wp-content\/uploads\/2018\/11\/Montier-en-Der-2018-Les-Laureats-El%C3%A9vation-J%C3%A9r%C3%B4me-Obiols-BLOG.jpg?resize=150%2C300&amp;ssl=1 150w\" sizes=\"auto, (max-width: 450px) 100vw, 450px\" \/><figcaption id=\"caption-attachment-4248\" class=\"wp-caption-text\">\u00c9l\u00e9vation &#8211; J\u00e9r\u00f4me Obiols<\/figcaption><\/figure>\n<h4>Choose your side &#8211; Julien Pappalardo<\/h4>\n<figure id=\"attachment_4250\" aria-describedby=\"caption-attachment-4250\" style=\"width: 900px\" class=\"wp-caption aligncenter\"><img data-recalc-dims=\"1\" alt=\"\" loading=\"lazy\" decoding=\"async\" class=\"size-full wp-image-4250\" src=\"https:\/\/i0.wp.com\/www.tirages-pro.com\/blog\/wp-content\/uploads\/2018\/11\/Montier-en-Der-2018-Les-Laureats-Choose-your-side-Julien-Pappalardo-BLOG.jpg?resize=900%2C600&#038;ssl=1\" alt=\"\" width=\"900\" height=\"600\" srcset=\"https:\/\/i0.wp.com\/www.tirages-pro.com\/blog\/wp-content\/uploads\/2018\/11\/Montier-en-Der-2018-Les-Laureats-Choose-your-side-Julien-Pappalardo-BLOG.jpg?w=900&amp;ssl=1 900w, https:\/\/i0.wp.com\/www.tirages-pro.com\/blog\/wp-content\/uploads\/2018\/11\/Montier-en-Der-2018-Les-Laureats-Choose-your-side-Julien-Pappalardo-BLOG.jpg?resize=300%2C200&amp;ssl=1 300w\" sizes=\"auto, (max-width: 900px) 100vw, 900px\" \/><figcaption id=\"caption-attachment-4250\" class=\"wp-caption-text\">Choose your side &#8211; Julien Pappalardo<\/figcaption><\/figure>\n<p>Ces cinq photos seront bien s\u00fbr visibles du jeudi 15 jusqu&rsquo;au dimanche 18 novembre 2018, \u00e0 l&rsquo;espace Giffaumont, au 22<sup>e<\/sup> Festival Photo de Montier-en-Der. Nous vous attendons de pied ferme !<\/p>\n","protected":false},"excerpt":{"rendered":"<p>Le concours TiragesPro \/ Hahnem\u00fchle \u00e0 l&rsquo;occasion du festival de Montier-en-Der s&rsquo;est termin\u00e9 avec plus de 504 participants et 1166 images. Cette nouvelle formule du concours a suscit\u00e9 l&rsquo;engouement avec de v\u00e9ritables p\u00e9pites.\u00a0Bravo \u00e0 tous ! Voici donc les 5 laur\u00e9ats de cette huiti\u00e8me \u00e9dition.<\/p>\n","protected":false},"author":10,"featured_media":4255,"comment_status":"open","ping_status":"open","sticky":false,"template":"","format":"standard","meta":{"_seopress_robots_primary_cat":"","_seopress_titles_title":"","_seopress_titles_desc":"","_seopress_robots_index":"","inline_featured_image":false,"_themeisle_gutenberg_block_has_review":false,"footnotes":""},"categories":[47],"tags":[42,43],"class_list":["post-4232","post","type-post","status-publish","format-standard","has-post-thumbnail","hentry","category-concours","tag-concours","tag-montier-en-der"],"_links":{"self":[{"href":"https:\/\/www.tirages-pro.com\/blog\/wp-json\/wp\/v2\/posts\/4232","targetHints":{"allow":["GET"]}}],"collection":[{"href":"https:\/\/www.tirages-pro.com\/blog\/wp-json\/wp\/v2\/posts"}],"about":[{"href":"https:\/\/www.tirages-pro.com\/blog\/wp-json\/wp\/v2\/types\/post"}],"author":[{"embeddable":true,"href":"https:\/\/www.tirages-pro.com\/blog\/wp-json\/wp\/v2\/users\/10"}],"replies":[{"embeddable":true,"href":"https:\/\/www.tirages-pro.com\/blog\/wp-json\/wp\/v2\/comments?post=4232"}],"version-history":[{"count":9,"href":"https:\/\/www.tirages-pro.com\/blog\/wp-json\/wp\/v2\/posts\/4232\/revisions"}],"predecessor-version":[{"id":4705,"href":"https:\/\/www.tirages-pro.com\/blog\/wp-json\/wp\/v2\/posts\/4232\/revisions\/4705"}],"wp:featuredmedia":[{"embeddable":true,"href":"https:\/\/www.tirages-pro.com\/blog\/wp-json\/wp\/v2\/media\/4255"}],"wp:attachment":[{"href":"https:\/\/www.tirages-pro.com\/blog\/wp-json\/wp\/v2\/media?parent=4232"}],"wp:term":[{"taxonomy":"category","embeddable":true,"href":"https:\/\/www.tirages-pro.com\/blog\/wp-json\/wp\/v2\/categories?post=4232"},{"taxonomy":"post_tag","embeddable":true,"href":"https:\/\/www.tirages-pro.com\/blog\/wp-json\/wp\/v2\/tags?post=4232"}],"curies":[{"name":"wp","href":"https:\/\/api.w.org\/{rel}","templated":true}]}}