{"id":4585,"date":"2023-10-26T17:10:07","date_gmt":"2023-10-26T15:10:07","guid":{"rendered":"https:\/\/www.tirages-pro.com\/blog\/?p=4585"},"modified":"2024-10-01T17:43:25","modified_gmt":"2024-10-01T15:43:25","slug":"concours-tiragespro-2023-soyez-expose-e-a-montier-et-gagnez-des-beaux-livres","status":"publish","type":"post","link":"https:\/\/www.tirages-pro.com\/blog\/2023\/10\/concours-tiragespro-2023-soyez-expose-e-a-montier-et-gagnez-des-beaux-livres\/","title":{"rendered":"Concours TiragesPro 2023 : soyez expos\u00e9.e \u00e0 Montier et gagnez des beaux livres !"},"content":{"rendered":"<p>Le festival photo de Montier-en-Der approche : il est l\u2019heure de lancer le concours TiragesPro pour cette \u00e9dition 2023 !<\/p>\n<p>Cette ann\u00e9e encore, nous b\u00e9n\u00e9ficierons du stand grand format de l\u2019ann\u00e9e derni\u00e8re. Il y aura donc de nouveau non pas 5 mais bien <strong>6 laur\u00e9at.e.s expos\u00e9.e.s en grand format<\/strong> sur notre stand (et qui se verront offrir leur tirage d\u2019art apr\u00e8s le festival).<\/p>\n<p>Mais il y a une nouveaut\u00e9 ! En plus de ces 6 chanceux, et c\u2019est une grande fiert\u00e9, <strong>3 laur\u00e9at.e.s suppl\u00e9mentaires seront tir\u00e9.e.s au sort<\/strong> parmi la short-list et gagneront un livre de leur choix parmi la gamme <em>Beaux Livres<\/em> de <a href=\"https:\/\/www.spot-editions.com\/\">Spot\u00c9ditions<\/a>, notre petite s\u0153ur d\u00e9di\u00e9e \u00e0 l\u2019\u00e9dition pas comme les autres !<\/p>\n<p>Vous avez donc maintenant 9 bonnes raisons de participer !<\/p>\n<h2><!--more-->Le festival de Montier-en-Der<\/h2>\n<p style=\"text-align: justify;\">Le <a href=\"https:\/\/www.photo-montier.org\" target=\"_blank\" rel=\"noopener noreferrer\">festival international de la photographie animali\u00e8re et de nature de Montier-en-Der<\/a> est le\u00a0rendez-vous incontournable des\u00a0photographes de nature, professionnels comme amateurs. Avec chaque ann\u00e9e plusieurs dizaines de milliers de visiteurs, c&rsquo;est aussi l&rsquo;occasion r\u00eav\u00e9e pour les photographes de montrer leur travail au public (tout le programme sur le site du festival).<\/p>\n<h2 style=\"text-align: justify;\">Quels sont les th\u00e8mes ?<\/h2>\n<p style=\"text-align: justify;\">Vous pouvez participer en nous envoyant une image pour chacun des\u00a0<strong>quatre\u00a0th\u00e8mes<\/strong> suivants\u00a0:<\/p>\n<ul>\n<li style=\"text-align: justify;\">la photo animali\u00e8re<\/li>\n<li style=\"text-align: justify;\">la macro-photo et la proxiphoto de nature<\/li>\n<li style=\"text-align: justify;\">la photo de paysage (de nature)<\/li>\n<li style=\"text-align: justify;\">la nature en noir et blanc<\/li>\n<\/ul>\n<p style=\"text-align: justify;\">Vous le savez et l&rsquo;avez observ\u00e9 au cours des \u00e9ditions pr\u00e9c\u00e9dentes : le jury aime les photos originales, l&rsquo;\u00e9motion&#8230; Jury surpris, jury conquis !<\/p>\n<h2 style=\"text-align: justify;\">Qui gagne quoi ?<\/h2>\n<p style=\"text-align: justify;\">Deux fa\u00e7ons de gagner :<\/p>\n<ul>\n<li>Faire partie des 6 laur\u00e9at.e.s d\u00e9sign\u00e9.e.s par notre jury pour \u00eatre expos\u00e9.e sur notre stand \u00e0 Montier et recevoir son tirage grand format chez soi.<\/li>\n<li>Faire partie de la short list du jury et \u00eatre tir\u00e9.e au sort pour gagner un livre au choix parmi ceux disponibles dans la gamme <em>Beaux Livres<\/em> de <a href=\"https:\/\/www.spot-editions.com\" target=\"_blank\" rel=\"noopener\">Spot\u00c9ditions<\/a>.<\/li>\n<\/ul>\n<p>Les photos laur\u00e9ates seront choisies toutes cat\u00e9gories confondues. Il est donc possible que les cat\u00e9gories soient repr\u00e9sent\u00e9es de fa\u00e7on non uniforme.<\/p>\n<p><span style=\"font-size: revert; text-align: justify;\">Les images des 6 premier.e.s laur\u00e9at.e.s\u00a0<\/span><span style=\"font-size: revert; color: initial;\">seront tir\u00e9es en un unique exemplaire et dans une finition appropri\u00e9e \u00e0 la photo et au lieu d\u2019exposition. Le papier et la finition seront choisis parmi la gamme propos\u00e9e par TiragesPro (<\/span><a style=\"font-size: revert; text-align: justify;\" title=\"Qu\u2019est que le Dibond ?\" href=\"https:\/\/www.tirages-pro.com\/blog\/2012\/07\/qu-est-ce-qu-un-dibond\/\" target=\"_blank\" rel=\"noopener noreferrer\">Dibond<\/a><span style=\"font-size: revert; color: initial;\">, <\/span><a style=\"font-size: revert; text-align: justify;\" href=\"https:\/\/www.tirages-pro.com\/blog\/2016\/02\/qu-est-qu-une-caisse-americaine\/\" target=\"_blank\" rel=\"noopener noreferrer\">caisse am\u00e9ricaine<\/a> alu ou bois<span style=\"font-size: revert; color: initial;\">, encadrement alu ou bois, etc).<\/span><\/p>\n<p style=\"text-align: justify;\">Ces images seront expos\u00e9es sur notre stand au festival de Montier-en-Der, et, \u00e0 moins que vous ne veniez chercher votre tableau vous-m\u00eame sur place le dimanche apr\u00e8s-midi, il sera ensuite envoy\u00e9 \u00e0 nos frais \u00e0 l\u2019adresse renseign\u00e9e pendant votre inscription au concours (en France m\u00e9tropolitaine et Belgique).<\/p>\n<p style=\"text-align: justify;\">Sauf demande de votre part, toutes les images seront publi\u00e9es sur les r\u00e9seaux sociaux que nous utilisons, \u00e0 savoir Facebook, Instagram et Twitter.<\/p>\n<h2 style=\"text-align: justify;\">Comment participer ?<\/h2>\n<p style=\"text-align: justify;\">Pour participer, il vous suffit de nous envoyer vos images avant le 7 novembre 2023 \u00e0 23:59:59, en utilisant <strong>exclusivement<\/strong> <a href=\"http:\/\/www.tirages-pro.com\/Contest\/\" target=\"_blank\" rel=\"noopener noreferrer\">ce formulaire<\/a>.<\/p>\n<p style=\"text-align: justify;\">Votre ou vos participation(s) doivent contenir :<\/p>\n<ul style=\"text-align: justify;\">\n<li>Votre image au format JPEG ou TIFF \u00e0 la d\u00e9finition maximale disponible. Nous ne vous demanderons pas de meilleur fichier si la qualit\u00e9 n&rsquo;est pas suffisante.<\/li>\n<li>Le titre de la ou les photo(s).<\/li>\n<li>Vos noms et pr\u00e9noms complets.<\/li>\n<li>Un num\u00e9ro de t\u00e9l\u00e9phone auquel nous pourrons vous joindre facilement.<\/li>\n<li>Votre adresse postale, pour vous envoyer le tirage si n\u00e9cessaire.<\/li>\n<\/ul>\n<figure id=\"attachment_4142\" aria-describedby=\"caption-attachment-4142\" style=\"width: 770px\" class=\"wp-caption aligncenter\"><img data-recalc-dims=\"1\" alt=\"\" loading=\"lazy\" decoding=\"async\" class=\"wp-image-4142 size-large\" src=\"https:\/\/i0.wp.com\/www.tirages-pro.com\/blog\/wp-content\/uploads\/2017\/10\/Montier-en-Der-2017-Le-concours-Le-stand-a-Montier-2016-BLOG.jpg?resize=770%2C433&#038;ssl=1\" alt=\"\" width=\"770\" height=\"433\" srcset=\"https:\/\/i0.wp.com\/www.tirages-pro.com\/blog\/wp-content\/uploads\/2017\/10\/Montier-en-Der-2017-Le-concours-Le-stand-a-Montier-2016-BLOG-scaled.jpg?resize=1024%2C576&amp;ssl=1 1024w, https:\/\/i0.wp.com\/www.tirages-pro.com\/blog\/wp-content\/uploads\/2017\/10\/Montier-en-Der-2017-Le-concours-Le-stand-a-Montier-2016-BLOG-scaled.jpg?resize=1536%2C864&amp;ssl=1 1536w, https:\/\/i0.wp.com\/www.tirages-pro.com\/blog\/wp-content\/uploads\/2017\/10\/Montier-en-Der-2017-Le-concours-Le-stand-a-Montier-2016-BLOG-scaled.jpg?resize=2048%2C1152&amp;ssl=1 2048w, https:\/\/i0.wp.com\/www.tirages-pro.com\/blog\/wp-content\/uploads\/2017\/10\/Montier-en-Der-2017-Le-concours-Le-stand-a-Montier-2016-BLOG-scaled.jpg?resize=300%2C169&amp;ssl=1 300w\" sizes=\"auto, (max-width: 770px) 100vw, 770px\" \/><figcaption id=\"caption-attachment-4142\" class=\"wp-caption-text\">Notre stand \u00e0 Montier-en-Der<\/figcaption><\/figure>\n<h2 style=\"text-align: justify;\">R\u00e8glement<\/h2>\n<p style=\"text-align: justify;\">Le r\u00e8glement est en accord avec la\u00a0<a href=\"http:\/\/concoursequitable.com\" target=\"_blank\" rel=\"noopener noreferrer\">Charte des concours \u00e9quitables<\/a>.<\/p>\n<ul style=\"text-align: justify;\">\n<li>Le concours est gratuit, sans obligation d&rsquo;achat et ouvert \u00e0 tous, professionnels comme amateurs. Il est ind\u00e9pendant d\u2019\u00e9ventuels concours organis\u00e9s par les salons et festivals auxquels nous participons.<\/li>\n<li><strong>En aucun cas TiragesPro ou ses partenaires \u00e9ventuels ne sont autoris\u00e9s \u00e0 s\u2019approprier les droits des images pr\u00e9sent\u00e9es.<\/strong><\/li>\n<li>Le concours prend fin le 7 novembre 2023 \u00e0 23:59:59, heure fran\u00e7aise. L\u2019heure d\u2019arriv\u00e9e sur nos serveurs fait foi.<\/li>\n<li>Les participant.e.s s&rsquo;engagent \u00e0 \u00eatre en possession de la totalit\u00e9 des droits de l\u2019image par laquelle ils se portent candidats.<\/li>\n<li>Une seule image doit \u00eatre envoy\u00e9e par participant.e par cat\u00e9gorie. En cas d\u2019envois multiples dans la m\u00eame cat\u00e9gorie, seule la premi\u00e8re participation sera conserv\u00e9e.\u00a0Le non respect des th\u00e8mes, de l\u2019\u00e9thique ou des conditions du concours ainsi que toute tentative de fraude est \u00e9liminatoire.<\/li>\n<li>L&rsquo;image doit \u00eatre une photographie issue d&rsquo;un capteur.\u00a0L&rsquo;ajout d&rsquo;\u00e9l\u00e9ments computationnels est interdit.<\/li>\n<li>Les retouches chromatiques globales ou par zones, virages N&amp;B ou couleur et suppressions d\u2019\u00e9l\u00e9ments g\u00eanants sont autoris\u00e9s.<\/li>\n<li>Les scans de clich\u00e9s argentiques, couleurs ou N&amp;B, retouch\u00e9s ou non sont autoris\u00e9s.<\/li>\n<li>Le recadrage est autoris\u00e9.<\/li>\n<li>L\u2018ajout de cadres, marges, fioritures ou d\u2019\u00e9l\u00e9ments \u00e0 l\u2019image elle-m\u00eame ou autour de celle-ci est interdit.<\/li>\n<li>L\u2018ajout de textes, titres, watermarks, copyrights, etc. est interdit.<\/li>\n<li>L\u2018image transmise doit \u00eatre en d\u00e9finition native \u2014 ni r\u00e9duite, ni augment\u00e9e, ni \u00e9tir\u00e9e, ni d\u00e9form\u00e9e \u2014 pour nous permettre de juger de la qualit\u00e9 de tirage atteignable. Si vous travaillez en RAW, pr\u00e9f\u00e9rez un \u00a0export en TIFF 16 bits, AdobeRGB, compression Zip.<\/li>\n<li>Les rapports d\u2019homoth\u00e9tie autoris\u00e9s sont 3:2, carr\u00e9, 16:9 ou panoramique 2:1, sans exception.<\/li>\n<li>En envoyant votre candidature, vous autorisez TiragesPro et ses partenaires \u00e0 partager \u00e9ventuellement votre ou vos photo(s) sur leurs sites, leurs blogs ou les r\u00e9seaux sociaux en la redimensionnant \u00e0 1200 pixels maximum sur le grand c\u00f4t\u00e9.<\/li>\n<li>Les photographes prim\u00e9.e.s autorisent TiragesPro \u00e0 exposer un unique tirage de 60 cm de longueur minimum sur son stand au festival international de la photographie animali\u00e8re et de nature de Montier-en-Der du 16 au 19 novembre 2023.<\/li>\n<li>Le jury impartial compos\u00e9 de membres de TiragesPro, de ses partenaires et d\u2019intervenants ind\u00e9pendants, est souverain.<\/li>\n<li>Les organisateurs du concours ne pourront \u00eatre tenus responsables suite \u00e0 tous probl\u00e8mes li\u00e9s au d\u00e9roulement du concours, qu\u2019il s\u2019agisse d\u2019une erreur humaine, informatique, ou autre.<\/li>\n<\/ul>\n","protected":false},"excerpt":{"rendered":"<p>Le festival photo de Montier-en-Der approche : il est l\u2019heure de lancer le concours TiragesPro pour cette \u00e9dition 2023 ! Cette ann\u00e9e encore, nous b\u00e9n\u00e9ficierons du stand grand format de l\u2019ann\u00e9e derni\u00e8re. Il y aura donc de nouveau non pas 5 mais bien 6 laur\u00e9at.e.s expos\u00e9.e.s en grand format sur notre stand (et qui se [&hellip;]<\/p>\n","protected":false},"author":1,"featured_media":4604,"comment_status":"open","ping_status":"open","sticky":false,"template":"","format":"standard","meta":{"_seopress_robots_primary_cat":"","_seopress_titles_title":"","_seopress_titles_desc":"","_seopress_robots_index":"","inline_featured_image":false,"_themeisle_gutenberg_block_has_review":false,"footnotes":""},"categories":[47],"tags":[42,108,43,215,219],"class_list":["post-4585","post","type-post","status-publish","format-standard","has-post-thumbnail","hentry","category-concours","tag-concours","tag-concours-photo","tag-montier-en-der","tag-photo","tag-spoteditions"],"_links":{"self":[{"href":"https:\/\/www.tirages-pro.com\/blog\/wp-json\/wp\/v2\/posts\/4585","targetHints":{"allow":["GET"]}}],"collection":[{"href":"https:\/\/www.tirages-pro.com\/blog\/wp-json\/wp\/v2\/posts"}],"about":[{"href":"https:\/\/www.tirages-pro.com\/blog\/wp-json\/wp\/v2\/types\/post"}],"author":[{"embeddable":true,"href":"https:\/\/www.tirages-pro.com\/blog\/wp-json\/wp\/v2\/users\/1"}],"replies":[{"embeddable":true,"href":"https:\/\/www.tirages-pro.com\/blog\/wp-json\/wp\/v2\/comments?post=4585"}],"version-history":[{"count":10,"href":"https:\/\/www.tirages-pro.com\/blog\/wp-json\/wp\/v2\/posts\/4585\/revisions"}],"predecessor-version":[{"id":4661,"href":"https:\/\/www.tirages-pro.com\/blog\/wp-json\/wp\/v2\/posts\/4585\/revisions\/4661"}],"wp:featuredmedia":[{"embeddable":true,"href":"https:\/\/www.tirages-pro.com\/blog\/wp-json\/wp\/v2\/media\/4604"}],"wp:attachment":[{"href":"https:\/\/www.tirages-pro.com\/blog\/wp-json\/wp\/v2\/media?parent=4585"}],"wp:term":[{"taxonomy":"category","embeddable":true,"href":"https:\/\/www.tirages-pro.com\/blog\/wp-json\/wp\/v2\/categories?post=4585"},{"taxonomy":"post_tag","embeddable":true,"href":"https:\/\/www.tirages-pro.com\/blog\/wp-json\/wp\/v2\/tags?post=4585"}],"curies":[{"name":"wp","href":"https:\/\/api.w.org\/{rel}","templated":true}]}}