{"id":4657,"date":"2024-10-01T17:37:26","date_gmt":"2024-10-01T15:37:26","guid":{"rendered":"https:\/\/www.tirages-pro.com\/blog\/?p=4657"},"modified":"2025-10-23T18:19:54","modified_gmt":"2025-10-23T16:19:54","slug":"concours-tiragespro-2024-soyez-expose-e-au-photo-festival-chamonix-et-au-festival-de-montier","status":"publish","type":"post","link":"https:\/\/www.tirages-pro.com\/blog\/2024\/10\/concours-tiragespro-2024-soyez-expose-e-au-photo-festival-chamonix-et-au-festival-de-montier\/","title":{"rendered":"Concours TiragesPro 2024 : soyez expos\u00e9.e au Photo Festival Chamonix et au festival de Montier !"},"content":{"rendered":"\n<p>Nous lan\u00e7ons ce jour notre traditionnel concours annuel l\u00e9g\u00e8rement plus t\u00f4t que les ann\u00e9es pr\u00e9c\u00e9dentes.<\/p>\n\n\n\n<p>En effet \u2014nouveaut\u00e9 majeure cette ann\u00e9e\u2014 nous serons pr\u00e9sents sur deux festivals chers \u00e0 nos c\u0153urs cette ann\u00e9e :<\/p>\n\n\n\n<ul class=\"wp-block-list\">\n<li>Le <a href=\"https:\/\/www.chamonixphotofestival.com\" target=\"_blank\" rel=\"noopener\">Chamonix Photo Festival<\/a> \u00e0 Chamonix, les 25, 26 et 27 octobre 2024<\/li>\n\n\n\n<li>Le <a href=\"https:\/\/www.photo-montier.org\" target=\"_blank\" rel=\"noopener\">Festival international de la photo animali\u00e8re et de nature<\/a> \u00e0 Montier-en-Der du 21 au 24 novembre 2024 !<\/li>\n<\/ul>\n\n\n\n<p>Les laur\u00e9at.e.s de ce concours auront donc le privil\u00e8ge de voir leur \u0153uvre expos\u00e9e deux fois lors de deux festivals d&rsquo;importance !<\/p>\n\n\n\n<!--more-->\n\n\n\n<h2 class=\"wp-block-heading\">Le Chamonix Photo Festival<\/h2>\n\n\n\n<p>Le <a href=\"https:\/\/www.chamonixphotofestival.com\" target=\"_blank\" rel=\"noopener noreferrer\">Chamonix Photo Festival<\/a>&nbsp;s&rsquo;est fait une r\u00e9putation de festival d&rsquo;excellence d\u00e8s sa premi\u00e8re \u00e9dition en 2023. Respectueuse des photographes, attentive aux d\u00e9tails qui comptent, la petite \u00e9quipe d&rsquo;organisation a r\u00e9ussi \u00e0 hisser le festival au niveau des plus grands imm\u00e9diatement. Programmation de qualit\u00e9, lieux d&rsquo;exception, communication efficace, le public ne s&rsquo;y est pas tromp\u00e9 et est venu extr\u00eamement nombreux.<\/p>\n\n\n\n<h2 class=\"wp-block-heading\">Le Festival de Montier-en-Der<\/h2>\n\n\n\n<p>Le <a href=\"https:\/\/www.photo-montier.org\" target=\"_blank\" rel=\"noopener noreferrer\">Festival international de la photographie animali\u00e8re et de nature<\/a> de Montier-en-Der est le&nbsp;rendez-vous incontournable des&nbsp;photographes de nature, professionnels comme amateurs. Avec chaque ann\u00e9e plusieurs dizaines de milliers de visiteurs, c&rsquo;est aussi l&rsquo;occasion r\u00eav\u00e9e pour les photographes de montrer leur travail au public (tout le programme sur le site du festival).<\/p>\n\n\n\n<h2 class=\"wp-block-heading\">Quels sont les th\u00e8mes ?<\/h2>\n\n\n\n<p>Vous pouvez participer en nous envoyant une image pour chacun des <strong>cinq th\u00e8mes<\/strong> suivants&nbsp;:<\/p>\n\n\n\n<ul class=\"wp-block-list\">\n<li>la photo animali\u00e8re<\/li>\n\n\n\n<li>la macro-photo et la proxiphoto de nature<\/li>\n\n\n\n<li>la photo de paysage (de nature)<\/li>\n\n\n\n<li>la nature en noir et blanc<\/li>\n\n\n\n<li>l&rsquo;humain dans la nature (nouveaut\u00e9 2024)<\/li>\n<\/ul>\n\n\n\n<p>Vous le savez et l&rsquo;avez observ\u00e9 au cours des \u00e9ditions pr\u00e9c\u00e9dentes : le jury aime les photos originales, l&rsquo;\u00e9motion&#8230; Jury surpris, jury conquis !<\/p>\n\n\n\n<h2 class=\"wp-block-heading\">Qui gagne quoi ?<\/h2>\n\n\n\n<p>Les images des cinq laur\u00e9at.e.s d\u00e9sign\u00e9.e.s par notre jury seront expos\u00e9es sur nos stands de Chamonix et de Montier. Les laur\u00e9at.e.s recevront leur tirage grand format chez eux gratuitement (France m\u00e9tropolitaine et Belgique).<\/p>\n\n\n\n<p>Elles seront tir\u00e9es en un unique exemplaire et dans une finition appropri\u00e9e \u00e0 la photo et au lieu d\u2019exposition. Le papier et la finition seront choisis parmi la gamme propos\u00e9e par TiragesPro (<a href=\"https:\/\/www.tirages-pro.com\/blog\/2012\/07\/qu-est-ce-qu-un-dibond\/\" data-type=\"post\" data-id=\"486\">Dibond<\/a>, <a href=\"https:\/\/www.tirages-pro.com\/blog\/2016\/02\/qu-est-qu-une-caisse-americaine\/\" data-type=\"post\" data-id=\"1366\">caisse am\u00e9ricaine<\/a> aluminium, bois laqu\u00e9 ou ch\u00eane, encadrement aluminium, bois laqu\u00e9, ch\u00eane ou weng\u00e9)<\/p>\n\n\n\n<p>Les photos laur\u00e9ates seront choisies toutes cat\u00e9gories confondues. Il est donc possible que les cat\u00e9gories soient repr\u00e9sent\u00e9es de fa\u00e7on non uniforme. Sauf demande de votre part, toutes les images seront publi\u00e9es sur les r\u00e9seaux sociaux que nous utilisons, \u00e0 savoir Facebook, Instagram, Twitter et\/ou LinkedIn.<\/p>\n\n\n\n<h2 class=\"wp-block-heading\">Comment participer ?<\/h2>\n\n\n\n<p>Pour participer, il vous suffit de nous faire parvenir vos images avant le 14 octobre 2024 \u00e0 23:59:59, en utilisant <strong>exclusivement<\/strong> ce formulaire.<\/p>\n\n\n\n<div class=\"wp-block-group is-layout-constrained wp-block-group-is-layout-constrained\" style=\"padding-top:0;padding-bottom:var(--wp--preset--spacing--50)\">\n<div class=\"wp-block-buttons is-content-justification-center is-layout-flex wp-container-core-buttons-is-layout-a89b3969 wp-block-buttons-is-layout-flex\">\n<div class=\"wp-block-button\"><a class=\"wp-block-button__link wp-element-button\" href=\"https:\/\/www.tirages-pro.com\/Contest\/\" target=\"_blank\" rel=\"noreferrer noopener\">Je participe !<\/a><\/div>\n<\/div>\n<\/div>\n\n\n\n<div class=\"wp-block-group is-layout-constrained wp-block-group-is-layout-constrained\">\n<p>Votre ou vos participation(s) doivent contenir :<\/p>\n\n\n\n<ul class=\"wp-block-list\">\n<li>Votre image au format JPEG ou TIFF \u00e0 la d\u00e9finition maximale disponible. Nous ne vous demanderons pas de meilleur fichier si la qualit\u00e9 n&rsquo;est pas suffisante.<\/li>\n\n\n\n<li>Le titre de la ou les photo(s).<\/li>\n\n\n\n<li>Vos noms et pr\u00e9noms complets.<\/li>\n\n\n\n<li>Un num\u00e9ro de t\u00e9l\u00e9phone auquel nous pourrons vous joindre facilement.<\/li>\n\n\n\n<li>Votre adresse postale, pour vous envoyer le tirage si n\u00e9cessaire.<\/li>\n<\/ul>\n\n\n\n<figure class=\"wp-block-image aligncenter wp-image-4142 size-large\"><img data-recalc-dims=\"1\" alt=\"\" loading=\"lazy\" decoding=\"async\" width=\"1024\" height=\"576\" src=\"https:\/\/i0.wp.com\/www.tirages-pro.com\/blog\/wp-content\/uploads\/2017\/10\/Montier-en-Der-2017-Le-concours-Le-stand-a-Montier-2016-BLOG.jpg?resize=1024%2C576&#038;ssl=1\" alt=\"\" class=\"wp-image-4142\" srcset=\"https:\/\/i0.wp.com\/www.tirages-pro.com\/blog\/wp-content\/uploads\/2017\/10\/Montier-en-Der-2017-Le-concours-Le-stand-a-Montier-2016-BLOG-scaled.jpg?resize=1024%2C576&amp;ssl=1 1024w, https:\/\/i0.wp.com\/www.tirages-pro.com\/blog\/wp-content\/uploads\/2017\/10\/Montier-en-Der-2017-Le-concours-Le-stand-a-Montier-2016-BLOG-scaled.jpg?resize=1536%2C864&amp;ssl=1 1536w, https:\/\/i0.wp.com\/www.tirages-pro.com\/blog\/wp-content\/uploads\/2017\/10\/Montier-en-Der-2017-Le-concours-Le-stand-a-Montier-2016-BLOG-scaled.jpg?resize=2048%2C1152&amp;ssl=1 2048w, https:\/\/i0.wp.com\/www.tirages-pro.com\/blog\/wp-content\/uploads\/2017\/10\/Montier-en-Der-2017-Le-concours-Le-stand-a-Montier-2016-BLOG-scaled.jpg?resize=300%2C169&amp;ssl=1 300w\" sizes=\"auto, (max-width: 1000px) 100vw, 1000px\" \/><figcaption class=\"wp-element-caption\">Notre stand \u00e0 Montier-en-Der<\/figcaption><\/figure>\n<\/div>\n\n\n\n<h2 class=\"wp-block-heading\">R\u00e8glement<\/h2>\n\n\n\n<p>Le r\u00e8glement est en accord avec la charte des concours \u00e9quitables.<\/p>\n\n\n\n<ul class=\"wp-block-list\">\n<li>Le concours est gratuit, sans obligation d&rsquo;achat et ouvert \u00e0 tous, professionnels comme amateurs. Il est ind\u00e9pendant d\u2019\u00e9ventuels concours organis\u00e9s par les salons et festivals auxquels nous participons.<\/li>\n\n\n\n<li><strong>En aucun cas TiragesPro ou ses partenaires \u00e9ventuels ne sont autoris\u00e9s \u00e0 s\u2019approprier les droits des images pr\u00e9sent\u00e9es.<\/strong><\/li>\n\n\n\n<li>Le concours prend fin le 14 octobre 2024 \u00e0 23:59:59, heure fran\u00e7aise. L\u2019heure d\u2019arriv\u00e9e sur nos serveurs fait foi.<\/li>\n\n\n\n<li>Les participant.e.s s&rsquo;engagent \u00e0 \u00eatre en possession de la totalit\u00e9 des droits de l\u2019image par laquelle ils se portent candidats.<\/li>\n\n\n\n<li>Une seule image doit \u00eatre envoy\u00e9e par participant.e par cat\u00e9gorie. En cas d\u2019envois multiples dans la m\u00eame cat\u00e9gorie, seule la premi\u00e8re participation sera conserv\u00e9e.&nbsp;Le non respect des th\u00e8mes, de l\u2019\u00e9thique ou des conditions du concours ainsi que toute tentative de fraude est \u00e9liminatoire.<\/li>\n\n\n\n<li>L&rsquo;image doit \u00eatre une photographie issue d&rsquo;un capteur.&nbsp;L&rsquo;utilisation de l\u2019AI g\u00e9n\u00e9rative est interdite en dehors des retouches localis\u00e9es de petite taille.<\/li>\n\n\n\n<li>Les retouches chromatiques globales ou par zones, virages N&amp;B ou couleur et suppressions d\u2019\u00e9l\u00e9ments g\u00eanants sont autoris\u00e9s.<\/li>\n\n\n\n<li>Les scans de clich\u00e9s argentiques, couleurs ou N&amp;B, retouch\u00e9s ou non sont autoris\u00e9s.<\/li>\n\n\n\n<li>Le recadrage est autoris\u00e9.<\/li>\n\n\n\n<li>L\u2018ajout de cadres, marges, fioritures ou d\u2019\u00e9l\u00e9ments \u00e0 l\u2019image elle-m\u00eame ou autour de celle-ci est interdit.<\/li>\n\n\n\n<li>L\u2018ajout de textes, titres, watermarks, copyrights, etc. est interdit.<\/li>\n\n\n\n<li>L\u2018image transmise doit \u00eatre en d\u00e9finition native \u2014 ni r\u00e9duite, ni augment\u00e9e, ni \u00e9tir\u00e9e, ni d\u00e9form\u00e9e \u2014 pour nous permettre de juger de la qualit\u00e9 de tirage atteignable. Si vous travaillez en RAW, pr\u00e9f\u00e9rez un &nbsp;export en TIFF 16 bits, AdobeRGB, compression LZW ou Zip.<\/li>\n\n\n\n<li>Les rapports d\u2019homoth\u00e9tie autoris\u00e9s sont 3:2, carr\u00e9, 16:9 ou panoramique 2:1, sans exception.<\/li>\n\n\n\n<li>En envoyant votre candidature, vous autorisez TiragesPro et ses partenaires \u00e0 partager \u00e9ventuellement votre ou vos photo(s) sur leurs sites, leurs blogs ou les r\u00e9seaux sociaux en la redimensionnant \u00e0 1200 pixels maximum sur le grand c\u00f4t\u00e9.<\/li>\n\n\n\n<li>Les photographes prim\u00e9.e.s autorisent TiragesPro \u00e0 exposer un unique tirage de 60 cm de longueur minimum sur ses stands.<\/li>\n\n\n\n<li>Le jury impartial compos\u00e9 de membres de TiragesPro, de ses partenaires et d\u2019intervenants ind\u00e9pendants, est souverain.<\/li>\n\n\n\n<li>Les organisateurs du concours ne pourront \u00eatre tenus responsables suite \u00e0 tous probl\u00e8mes li\u00e9s au d\u00e9roulement du concours, qu\u2019il s\u2019agisse d\u2019une erreur humaine, informatique, ou autre.<\/li>\n<\/ul>\n\n\n\n<p>Cr\u00e9dits photo :<\/p>\n\n\n\n<ul class=\"wp-block-list\">\n<li>Image principale : Annabelle Chabert<\/li>\n<\/ul>\n","protected":false},"excerpt":{"rendered":"<p>Nous lan\u00e7ons ce jour notre traditionnel concours annuel l\u00e9g\u00e8rement plus t\u00f4t que les ann\u00e9es pr\u00e9c\u00e9dentes. En effet \u2014nouveaut\u00e9 majeure cette ann\u00e9e\u2014 nous serons pr\u00e9sents sur deux festivals chers \u00e0 nos c\u0153urs cette ann\u00e9e : Les laur\u00e9at.e.s de ce concours auront donc le privil\u00e8ge de voir leur \u0153uvre expos\u00e9e deux fois lors de deux festivals d&rsquo;importance [&hellip;]<\/p>\n","protected":false},"author":1,"featured_media":4659,"comment_status":"open","ping_status":"open","sticky":false,"template":"","format":"standard","meta":{"_seopress_robots_primary_cat":"","_seopress_titles_title":"","_seopress_titles_desc":"","_seopress_robots_index":"","inline_featured_image":false,"_themeisle_gutenberg_block_has_review":false,"footnotes":""},"categories":[47],"tags":[220,42,108,43,215,219],"class_list":["post-4657","post","type-post","status-publish","format-standard","has-post-thumbnail","hentry","category-concours","tag-chamonix","tag-concours","tag-concours-photo","tag-montier-en-der","tag-photo","tag-spoteditions"],"_links":{"self":[{"href":"https:\/\/www.tirages-pro.com\/blog\/wp-json\/wp\/v2\/posts\/4657","targetHints":{"allow":["GET"]}}],"collection":[{"href":"https:\/\/www.tirages-pro.com\/blog\/wp-json\/wp\/v2\/posts"}],"about":[{"href":"https:\/\/www.tirages-pro.com\/blog\/wp-json\/wp\/v2\/types\/post"}],"author":[{"embeddable":true,"href":"https:\/\/www.tirages-pro.com\/blog\/wp-json\/wp\/v2\/users\/1"}],"replies":[{"embeddable":true,"href":"https:\/\/www.tirages-pro.com\/blog\/wp-json\/wp\/v2\/comments?post=4657"}],"version-history":[{"count":8,"href":"https:\/\/www.tirages-pro.com\/blog\/wp-json\/wp\/v2\/posts\/4657\/revisions"}],"predecessor-version":[{"id":4672,"href":"https:\/\/www.tirages-pro.com\/blog\/wp-json\/wp\/v2\/posts\/4657\/revisions\/4672"}],"wp:featuredmedia":[{"embeddable":true,"href":"https:\/\/www.tirages-pro.com\/blog\/wp-json\/wp\/v2\/media\/4659"}],"wp:attachment":[{"href":"https:\/\/www.tirages-pro.com\/blog\/wp-json\/wp\/v2\/media?parent=4657"}],"wp:term":[{"taxonomy":"category","embeddable":true,"href":"https:\/\/www.tirages-pro.com\/blog\/wp-json\/wp\/v2\/categories?post=4657"},{"taxonomy":"post_tag","embeddable":true,"href":"https:\/\/www.tirages-pro.com\/blog\/wp-json\/wp\/v2\/tags?post=4657"}],"curies":[{"name":"wp","href":"https:\/\/api.w.org\/{rel}","templated":true}]}}