{"id":4676,"date":"2024-10-25T17:27:36","date_gmt":"2024-10-25T15:27:36","guid":{"rendered":"https:\/\/www.tirages-pro.com\/blog\/?p=4676"},"modified":"2025-10-23T17:54:58","modified_gmt":"2025-10-23T15:54:58","slug":"concours-tiragespro-2024-les-laureat-e-s","status":"publish","type":"post","link":"https:\/\/www.tirages-pro.com\/blog\/2024\/10\/concours-tiragespro-2024-les-laureat-e-s\/","title":{"rendered":"Concours TiragesPro 2024\u00a0: les laur\u00e9at.e.s"},"content":{"rendered":"\n<p>Le concours TiragesPro  2024 s&rsquo;est termin\u00e9 avec 415 participant.e.s et 1125 images. Bravo \u00e0 toutes celles et tous ceux qui ont particip\u00e9 !<\/p>\n\n\n\n<p>Apr\u00e8s l&rsquo;annonce des 21 magnifiques images pr\u00e9s\u00e9lectionn\u00e9es dans la short list sur notre page <a href=\"https:\/\/www.facebook.com\/tiragespro\" target=\"_blank\" rel=\"noopener\">Facebook<\/a> hier, voici d\u00e9sormais le moment de d\u00e9voiler les 5 laur\u00e9at.e.s qui auront la chance de voir leur image tir\u00e9e en grand format et expos\u00e9e sur nos stands du <a href=\"https:\/\/www.chamonixphotofestival.com\" target=\"_blank\" rel=\"noreferrer noopener\">Chamonix Photo Festival<\/a> du 25 au 27 octobre 2024 et au <a href=\"https:\/\/www.photo-montier.org\" target=\"_blank\" rel=\"noreferrer noopener\">Festival de Montier-en-Der<\/a> du 21 au 24 novembre 2024 !<br><\/p>\n\n\n\n<!--more-->\n\n\n\n<p>Pour rappel, les images des laur\u00e9at.e.s seront expos\u00e9es sur nos stands dans une des nombreuses finitions propos\u00e9es sur notre&nbsp;<a href=\"https:\/\/www.tirages-pro.com\">site<\/a>. Les laur\u00e9at.e.s peuvent venir r\u00e9cup\u00e9rer leur \u0153uvre \u00e0 la fin du festival de Montier-en-Der ou la recevront chez eux.<\/p>\n\n\n\n<p>Nous vous invitons \u00e0 venir admirer les photographies laur\u00e9ates et les tirages r\u00e9alis\u00e9s.  L&rsquo;\u00e9quipe sera pr\u00e9sente sur nos stands pour discuter autour d&rsquo;un caf\u00e9.<\/p>\n\n\n\n<p>Vous trouverez tous les d\u00e9tails sur la m\u00e9thode de s\u00e9lection et le jury du concours \u00e0 la fin de cet article.<\/p>\n\n\n\n<h2 class=\"wp-block-heading\">Les r\u00e9sultats<\/h2>\n\n\n\n<div class=\"wp-block-columns is-layout-flex wp-container-core-columns-is-layout-ec2e7a44 wp-block-columns-is-layout-flex\" style=\"padding-top:0;padding-bottom:0\">\n<div class=\"wp-block-column is-layout-flow wp-block-column-is-layout-flow\" style=\"flex-basis:100%\">\n<div class=\"wp-block-group is-vertical is-content-justification-center is-layout-flex wp-container-core-group-is-layout-ce155fab wp-block-group-is-layout-flex\">\n<figure class=\"wp-block-image size-large\"><img data-recalc-dims=\"1\" alt=\"\" loading=\"lazy\" decoding=\"async\" width=\"1019\" height=\"680\" src=\"https:\/\/i0.wp.com\/www.tirages-pro.com\/blog\/wp-content\/uploads\/2024\/10\/SebastienBlomme-%40sebastien.blomme.79-UneOmbreInquietante_1200.jpg?resize=1019%2C680&#038;ssl=1\" alt=\"\" class=\"wp-image-4681\" srcset=\"https:\/\/i0.wp.com\/www.tirages-pro.com\/blog\/wp-content\/uploads\/2024\/10\/SebastienBlomme-%40sebastien.blomme.79-UneOmbreInquietante_1200.jpg?resize=1019%2C680&amp;ssl=1 1019w, https:\/\/i0.wp.com\/www.tirages-pro.com\/blog\/wp-content\/uploads\/2024\/10\/SebastienBlomme-%40sebastien.blomme.79-UneOmbreInquietante_1200.jpg?resize=300%2C200&amp;ssl=1 300w, https:\/\/i0.wp.com\/www.tirages-pro.com\/blog\/wp-content\/uploads\/2024\/10\/SebastienBlomme-%40sebastien.blomme.79-UneOmbreInquietante_1200.jpg?w=1200&amp;ssl=1 1200w\" sizes=\"auto, (max-width: 1000px) 100vw, 1000px\" \/><figcaption class=\"wp-element-caption\">Une ombre inqui\u00e9tante \u2014 S\u00e9bastien Blomme \u2014 Cat\u00e9gorie Macro \/ Proxy<\/figcaption><\/figure>\n<\/div>\n<\/div>\n<\/div>\n\n\n\n<div class=\"wp-block-columns is-layout-flex wp-container-core-columns-is-layout-28f84493 wp-block-columns-is-layout-flex\">\n<div class=\"wp-block-column is-layout-flow wp-block-column-is-layout-flow\" style=\"flex-basis:100%\">\n<div class=\"wp-block-group is-vertical is-content-justification-center is-layout-flex wp-container-core-group-is-layout-ce155fab wp-block-group-is-layout-flex\">\n<figure class=\"wp-block-image size-large\"><img data-recalc-dims=\"1\" alt=\"\" loading=\"lazy\" decoding=\"async\" width=\"1020\" height=\"680\" src=\"https:\/\/i0.wp.com\/www.tirages-pro.com\/blog\/wp-content\/uploads\/2024\/10\/NicolasDeVaulx-SurLesLignes_1200.jpg?resize=1020%2C680&#038;ssl=1\" alt=\"\" class=\"wp-image-4680\" srcset=\"https:\/\/i0.wp.com\/www.tirages-pro.com\/blog\/wp-content\/uploads\/2024\/10\/NicolasDeVaulx-SurLesLignes_1200.jpg?resize=1020%2C680&amp;ssl=1 1020w, https:\/\/i0.wp.com\/www.tirages-pro.com\/blog\/wp-content\/uploads\/2024\/10\/NicolasDeVaulx-SurLesLignes_1200.jpg?resize=300%2C200&amp;ssl=1 300w, https:\/\/i0.wp.com\/www.tirages-pro.com\/blog\/wp-content\/uploads\/2024\/10\/NicolasDeVaulx-SurLesLignes_1200.jpg?w=1200&amp;ssl=1 1200w\" sizes=\"auto, (max-width: 1000px) 100vw, 1000px\" \/><figcaption class=\"wp-element-caption\">Sur les lignes \u2014 Nicolas de Vaulx \u2014 Cat\u00e9gorie Humain dans la nature<\/figcaption><\/figure>\n<\/div>\n<\/div>\n<\/div>\n\n\n\n<div class=\"wp-block-columns is-layout-flex wp-container-core-columns-is-layout-28f84493 wp-block-columns-is-layout-flex\">\n<div class=\"wp-block-column is-layout-flow wp-block-column-is-layout-flow\" style=\"flex-basis:100%\">\n<div class=\"wp-block-group is-vertical is-content-justification-center is-layout-flex wp-container-core-group-is-layout-ce155fab wp-block-group-is-layout-flex\">\n<figure class=\"wp-block-image size-large\"><img data-recalc-dims=\"1\" alt=\"\" loading=\"lazy\" decoding=\"async\" width=\"1024\" height=\"680\" src=\"https:\/\/i0.wp.com\/www.tirages-pro.com\/blog\/wp-content\/uploads\/2024\/10\/EvaGoubert-%40EvaGoubert-LeFinGourmet_1200.jpg?resize=1024%2C680&#038;ssl=1\" alt=\"\" class=\"wp-image-4682\" srcset=\"https:\/\/i0.wp.com\/www.tirages-pro.com\/blog\/wp-content\/uploads\/2024\/10\/EvaGoubert-%40EvaGoubert-LeFinGourmet_1200.jpg?resize=1024%2C680&amp;ssl=1 1024w, https:\/\/i0.wp.com\/www.tirages-pro.com\/blog\/wp-content\/uploads\/2024\/10\/EvaGoubert-%40EvaGoubert-LeFinGourmet_1200.jpg?resize=300%2C200&amp;ssl=1 300w, https:\/\/i0.wp.com\/www.tirages-pro.com\/blog\/wp-content\/uploads\/2024\/10\/EvaGoubert-%40EvaGoubert-LeFinGourmet_1200.jpg?w=1200&amp;ssl=1 1200w\" sizes=\"auto, (max-width: 1000px) 100vw, 1000px\" \/><figcaption class=\"wp-element-caption\">Le fin gourmet \u2014 Eva Goubert \u2014 Cat\u00e9gorie Animalier<\/figcaption><\/figure>\n<\/div>\n<\/div>\n<\/div>\n\n\n\n<div class=\"wp-block-columns is-layout-flex wp-container-core-columns-is-layout-28f84493 wp-block-columns-is-layout-flex\">\n<div class=\"wp-block-column is-layout-flow wp-block-column-is-layout-flow\" style=\"flex-basis:100%\">\n<div class=\"wp-block-group is-vertical is-content-justification-center is-layout-flex wp-container-core-group-is-layout-ce155fab wp-block-group-is-layout-flex\">\n<figure class=\"wp-block-image size-large\"><img data-recalc-dims=\"1\" alt=\"\" loading=\"lazy\" decoding=\"async\" width=\"453\" height=\"680\" src=\"https:\/\/i0.wp.com\/www.tirages-pro.com\/blog\/wp-content\/uploads\/2025\/10\/DavidGouel-%40davidgouelphotography-CoupDeVentDansLesMelezesFlamboyants_1200.jpg?resize=453%2C680&#038;ssl=1\" alt=\"\" class=\"wp-image-4687\" srcset=\"https:\/\/i0.wp.com\/www.tirages-pro.com\/blog\/wp-content\/uploads\/2025\/10\/DavidGouel-%40davidgouelphotography-CoupDeVentDansLesMelezesFlamboyants_1200.jpg?resize=453%2C680&amp;ssl=1 453w, https:\/\/i0.wp.com\/www.tirages-pro.com\/blog\/wp-content\/uploads\/2025\/10\/DavidGouel-%40davidgouelphotography-CoupDeVentDansLesMelezesFlamboyants_1200.jpg?resize=200%2C300&amp;ssl=1 200w, https:\/\/i0.wp.com\/www.tirages-pro.com\/blog\/wp-content\/uploads\/2025\/10\/DavidGouel-%40davidgouelphotography-CoupDeVentDansLesMelezesFlamboyants_1200.jpg?w=800&amp;ssl=1 800w\" sizes=\"auto, (max-width: 453px) 100vw, 453px\" \/><figcaption class=\"wp-element-caption\">Coup de vent dans les m\u00e9l\u00e8zes flamboyants \u2014 David Gouel \u2014 Cat\u00e9gorie Paysage<\/figcaption><\/figure>\n<\/div>\n<\/div>\n<\/div>\n\n\n\n<div class=\"wp-block-columns is-layout-flex wp-container-core-columns-is-layout-28f84493 wp-block-columns-is-layout-flex\">\n<div class=\"wp-block-column is-layout-flow wp-block-column-is-layout-flow\" style=\"flex-basis:100%\">\n<div class=\"wp-block-group is-vertical is-content-justification-center is-layout-flex wp-container-core-group-is-layout-ce155fab wp-block-group-is-layout-flex\">\n<figure class=\"wp-block-image size-large\"><img data-recalc-dims=\"1\" alt=\"\" loading=\"lazy\" decoding=\"async\" width=\"680\" height=\"680\" src=\"https:\/\/i0.wp.com\/www.tirages-pro.com\/blog\/wp-content\/uploads\/2024\/10\/IohaneRobert-%40IohaneRobert-Respire_1200.jpg?resize=680%2C680&#038;ssl=1\" alt=\"\" class=\"wp-image-4684\" srcset=\"https:\/\/i0.wp.com\/www.tirages-pro.com\/blog\/wp-content\/uploads\/2024\/10\/IohaneRobert-%40IohaneRobert-Respire_1200.jpg?resize=680%2C680&amp;ssl=1 680w, https:\/\/i0.wp.com\/www.tirages-pro.com\/blog\/wp-content\/uploads\/2024\/10\/IohaneRobert-%40IohaneRobert-Respire_1200.jpg?resize=150%2C150&amp;ssl=1 150w, https:\/\/i0.wp.com\/www.tirages-pro.com\/blog\/wp-content\/uploads\/2024\/10\/IohaneRobert-%40IohaneRobert-Respire_1200.jpg?resize=300%2C300&amp;ssl=1 300w, https:\/\/i0.wp.com\/www.tirages-pro.com\/blog\/wp-content\/uploads\/2024\/10\/IohaneRobert-%40IohaneRobert-Respire_1200.jpg?w=1200&amp;ssl=1 1200w\" sizes=\"auto, (max-width: 680px) 100vw, 680px\" \/><figcaption class=\"wp-element-caption\">Respire\u2026 \u2014 Iohane Robert \u2014 Cat\u00e9gorie Paysage<\/figcaption><\/figure>\n<\/div>\n<\/div>\n<\/div>\n\n\n\n<div class=\"wp-block-group is-vertical is-layout-flex wp-container-core-group-is-layout-fe9cc265 wp-block-group-is-layout-flex\">\n<h2 class=\"wp-block-heading\">La m\u00e9thode<\/h2>\n\n\n\n<p>\u00c0 chaque participation par l&rsquo;interm\u00e9diaire du&nbsp;formulaire, les informations telles que nom, pr\u00e9nom, adresse  ainsi que le titre de l&rsquo;image sont stock\u00e9es dans une banque de donn\u00e9es et le fichier image est anonymis\u00e9.<\/p>\n\n\n\n<p>\u00c0 la fin du concours, toutes les images sont mises \u00e0 disposition des membres du jury de mani\u00e8re s\u00e9curis\u00e9e.&nbsp;Toutes les m\u00e9tadonn\u00e9es sont supprim\u00e9es au pr\u00e9alable (sauf les donn\u00e9es indispensables \u00e0 la visualisation telles que le profil couleur) et les images sont tri\u00e9es par cat\u00e9gorie et num\u00e9rot\u00e9es de mani\u00e8re al\u00e9atoire.<\/p>\n\n\n\n<p>La s\u00e9lection est donc, autant que faire se peut, anonyme. Ce n&rsquo;est qu&rsquo;une fois les images laur\u00e9ates choisies, que le nom des participant.e.s est recherch\u00e9 dans la banque de donn\u00e9es et attribu\u00e9.<\/p>\n<\/div>\n\n\n\n<div class=\"wp-block-group is-vertical is-layout-flex wp-container-core-group-is-layout-fe9cc265 wp-block-group-is-layout-flex\">\n<h2 class=\"wp-block-heading\">Le jury<\/h2>\n\n\n\n<p>Cette ann\u00e9e, le jury \u00e9tait compos\u00e9 des 5 membres suivants :<\/p>\n\n\n\n<h3 class=\"wp-block-heading\">J\u00e9r\u00f4me Obiols<\/h3>\n\n\n\n<p><img loading=\"lazy\" decoding=\"async\" class=\"tpgravatar\" src=\"https:\/\/secure.gravatar.com\/avatar\/735e81e4680f98989d13d01cc4d472b7?s=100&d=mm&r=g\" srcset=\"https:\/\/secure.gravatar.com\/avatar\/735e81e4680f98989d13d01cc4d472b7?s=200&d=mm&r=g 2x\" height=\"100\" width=\"100\">Photographe de Montagne, J\u00e9r\u00f4me s&rsquo;est sp\u00e9cialis\u00e9 dans la photographie de paysage dans les massifs des Alpes fran\u00e7aises.<\/p>\n\n\n\n<p><span class=\"expo--description\">N\u00e9 en 1977, J\u00e9r\u00f4me passe son enfance dans les Corbi\u00e8res, au pied des Pyr\u00e9n\u00e9es. C&rsquo;est en 2001 qu&rsquo;il s&rsquo;installe&nbsp;<\/span><span style=\"font-size: revert;\">dans le Rh\u00f4ne et qu&rsquo;il d\u00e9couvre les Alpes et ses glaciers : c\u2019est une v\u00e9ritable r\u00e9v\u00e9lation. Attir\u00e9 par les cimes, il \u00e9prouve vite le besoin d\u2019aller au c\u0153ur des montagnes, l\u00e0 o\u00f9 seuls certains initi\u00e9s s\u2019aventurent. Devenu grimpeur et alpiniste, il donne en 2013 une tournure professionnelle \u00e0 cette nouvelle passion en proposant un vision artistique, souvent en noir-et-blanc des Alpes fran\u00e7aises.<\/span><\/p>\n\n\n\n<p>Plus d&rsquo;infos&nbsp;<a href=\"https:\/\/jeromeobiols.com\" target=\"_blank\" rel=\"noopener noreferrer\">ici<\/a>.<\/p>\n\n\n\n<h3 class=\"wp-block-heading\">Bastien Riu<\/h3>\n\n\n\n<p><img loading=\"lazy\" decoding=\"async\" class=\"tpgravatar\" src=\"https:\/\/secure.gravatar.com\/avatar\/92a34f364d782e05bc206acb362372f1?s=100&d=mm&r=g\" srcset=\"https:\/\/secure.gravatar.com\/avatar\/92a34f364d782e05bc206acb362372f1?s=200&d=mm&r=g 2x\" height=\"100\" width=\"100\">Bastien est passionn\u00e9 par l&rsquo;art et la vie sauvage&nbsp;depuis son enfance. Curieux et toujours en qu\u00eate&nbsp;de divers moyens&nbsp;d&rsquo;expression, il va&nbsp;alors&nbsp;s&rsquo;int\u00e9resser \u00e0 diff\u00e9rents supports d&rsquo;arts plastiques&nbsp;tels que la sculpture et la peinture. Il int\u00e8grera par la&nbsp;suite une \u00e9cole d&rsquo;arts appliqu\u00e9s sur Lyon. C&rsquo;est l\u00e0&nbsp;qu&rsquo;il d\u00e9couvrira la photographie, qui fut pour lui une&nbsp;r\u00e9v\u00e9lation.<\/p>\n\n\n\n<p>\u00c0 travers un regard&nbsp;personnel et \u00e0 l&rsquo;aide de diff\u00e9rentes techniques&nbsp;photographiques, il tente de mettre en avant la faune et la flore,&nbsp;de les sublimer \u00e0 sa fa\u00e7on. Ses images m\u00ealent&nbsp;po\u00e9sie, graphisme et minimalisme, et mettent le&nbsp;sujet au c\u0153ur de l&rsquo;image.<\/p>\n\n\n\n<p>Plus d&rsquo;infos&nbsp;<a href=\"https:\/\/www.bastienriu.com\" target=\"_blank\" rel=\"noopener noreferrer\">ici<\/a>.<\/p>\n\n\n\n<h3 class=\"wp-block-heading\">R\u00e9mi Garcia<\/h3>\n\n\n\n<p><img loading=\"lazy\" decoding=\"async\" class=\"tpgravatar\" src=\"https:\/\/secure.gravatar.com\/avatar\/724d8d4af46a195daf2d33ee374be4ea?s=100&d=mm&r=g\" srcset=\"https:\/\/secure.gravatar.com\/avatar\/724d8d4af46a195daf2d33ee374be4ea?s=200&d=mm&r=g 2x\" height=\"100\" width=\"100\">N\u00e9 en 1983 dans le sud-ouest de la France, R\u00e9mi a grandi en Guyane fran\u00e7aise. C&rsquo;est sans doute l\u00e0-bas qu&rsquo;il r\u00e9alise \u00e0 quel point la Nature est importante \u00e0 ses yeux.&nbsp;La photographie, qu&rsquo;il consid\u00e8re d&rsquo;abord comme un jeu et un outil de partage, devient alors&nbsp;au fil des ann\u00e9es une partie de lui.<\/p>\n\n\n\n<p>Perfectionniste infatigable, R\u00e9mi nourrit sa photographie de son exp\u00e9rience professionnelle dans les domaines de la gestion de projet, de l&rsquo;am\u00e9lioration continue et de la protection de l&rsquo;environnement.<\/p>\n\n\n\n<p>En 2014, pour sa 2<sup>e<\/sup> participation au festival de Montier-en-Der, il pr\u00e9sente&nbsp;une exposition sur les esp\u00e8ces end\u00e9miques de la Martinique&nbsp;en voie de disparition. Le graphisme \u00e9pur\u00e9 des images ainsi que l&rsquo;investissement de temps n\u00e9cessaire \u00e0 leur&nbsp;r\u00e9alisation furent largement salu\u00e9s.<\/p>\n\n\n\n<p>Plus d&rsquo;infos&nbsp;<a href=\"https:\/\/www.remigarcia.com\" target=\"_blank\" rel=\"noopener noreferrer\">ici<\/a>.<\/p>\n\n\n\n<h3 class=\"wp-block-heading\">Tom Mosack<\/h3>\n\n\n\n<p><img loading=\"lazy\" decoding=\"async\" class=\"tpgravatar\" src=\"https:\/\/secure.gravatar.com\/avatar\/f0b3cd655d50fca162f6c8913e91aee1?s=100&d=mm&r=g\" srcset=\"https:\/\/secure.gravatar.com\/avatar\/f0b3cd655d50fca162f6c8913e91aee1?s=200&d=mm&r=g 2x\" height=\"100\" width=\"100\">Tom est le fondateur et directeur de Stage Photo Pyr\u00e9n\u00e9es. Photographe autodidacte, c&rsquo;est en 2012 qu&rsquo;il d\u00e9cide de se consacrer enti\u00e8rement au d\u00e9veloppement de stages photos dans la r\u00e9gion du sud ouest.<\/p>\n\n\n\n<p>Son calme naturel&nbsp;et sa capacit\u00e9 \u00e0 synth\u00e9tiser les processus&nbsp;complexes de la photographie de nature en les rendant accessibles lui ont permis de devenir un coach tr\u00e8s&nbsp;appr\u00e9ci\u00e9 tant&nbsp;des n\u00e9ophytes ainsi accompagn\u00e9s dans l&rsquo;apprentissage de la pratique photographique, que des photographes confirm\u00e9s d\u00e9sireux de parfaire leurs connaissances ou de d\u00e9couvrir une nouvelle r\u00e9gion.<\/p>\n\n\n\n<p>Plus d&rsquo;infos&nbsp;<a href=\"https:\/\/www.stage-photo-pyrenees.fr\" target=\"_blank\" rel=\"noopener noreferrer\">ici<\/a>.<\/p>\n\n\n\n<h3 class=\"wp-block-heading\">R\u00e9gis Derimay<\/h3>\n\n\n\n<p><img loading=\"lazy\" decoding=\"async\" class=\"tpgravatar\" src=\"https:\/\/secure.gravatar.com\/avatar\/5990e52be6c7a6d471e0687dcfbdb562?s=100&d=mm&r=g\" srcset=\"https:\/\/secure.gravatar.com\/avatar\/5990e52be6c7a6d471e0687dcfbdb562?s=200&d=mm&r=g 2x\" height=\"100\" width=\"100\">R\u00e9gis est le fondateur et directeur du laboratoire&nbsp;photographique TiragesPro. Apr\u00e8s plusieurs ann\u00e9es pass\u00e9es dans le monde de l&rsquo;optimisation de production, il fait la constatation en 2009 qu&rsquo;il est impossible&nbsp;de trouver un labo capable de tirer fid\u00e8lement ses images pour un prix raisonnable et d\u00e9cide de cr\u00e9er TiragesPro.<\/p>\n\n\n\n<p>Bas\u00e9 sur la combinaison d&rsquo;une gestion de commande minutieuse et d&rsquo;une attention constante \u00e0 la qualit\u00e9, TiragesPro s&rsquo;est impos\u00e9 au fil des ans comme un des labos de pointe pl\u00e9biscit\u00e9&nbsp;par tous. Sa devise : \u00ab\u00a0Les clients ne peuvent jamais \u00eatre aussi maniaques que nous !\u00a0\u00bb<\/p>\n<\/div>\n","protected":false},"excerpt":{"rendered":"<p>Le concours TiragesPro 2024 s&rsquo;est termin\u00e9 avec 415 participant.e.s et 1125 images. Bravo \u00e0 toutes celles et tous ceux qui ont particip\u00e9 ! Apr\u00e8s l&rsquo;annonce des 21 magnifiques images pr\u00e9s\u00e9lectionn\u00e9es dans la short list sur notre page Facebook hier, voici d\u00e9sormais le moment de d\u00e9voiler les 5 laur\u00e9at.e.s qui auront la chance de voir leur [&hellip;]<\/p>\n","protected":false},"author":1,"featured_media":4693,"comment_status":"open","ping_status":"open","sticky":false,"template":"","format":"standard","meta":{"_seopress_robots_primary_cat":"","_seopress_titles_title":"","_seopress_titles_desc":"","_seopress_robots_index":"","inline_featured_image":false,"_themeisle_gutenberg_block_has_review":false,"footnotes":""},"categories":[47],"tags":[42,43],"class_list":["post-4676","post","type-post","status-publish","format-standard","has-post-thumbnail","hentry","category-concours","tag-concours","tag-montier-en-der"],"_links":{"self":[{"href":"https:\/\/www.tirages-pro.com\/blog\/wp-json\/wp\/v2\/posts\/4676","targetHints":{"allow":["GET"]}}],"collection":[{"href":"https:\/\/www.tirages-pro.com\/blog\/wp-json\/wp\/v2\/posts"}],"about":[{"href":"https:\/\/www.tirages-pro.com\/blog\/wp-json\/wp\/v2\/types\/post"}],"author":[{"embeddable":true,"href":"https:\/\/www.tirages-pro.com\/blog\/wp-json\/wp\/v2\/users\/1"}],"replies":[{"embeddable":true,"href":"https:\/\/www.tirages-pro.com\/blog\/wp-json\/wp\/v2\/comments?post=4676"}],"version-history":[{"count":6,"href":"https:\/\/www.tirages-pro.com\/blog\/wp-json\/wp\/v2\/posts\/4676\/revisions"}],"predecessor-version":[{"id":4695,"href":"https:\/\/www.tirages-pro.com\/blog\/wp-json\/wp\/v2\/posts\/4676\/revisions\/4695"}],"wp:featuredmedia":[{"embeddable":true,"href":"https:\/\/www.tirages-pro.com\/blog\/wp-json\/wp\/v2\/media\/4693"}],"wp:attachment":[{"href":"https:\/\/www.tirages-pro.com\/blog\/wp-json\/wp\/v2\/media?parent=4676"}],"wp:term":[{"taxonomy":"category","embeddable":true,"href":"https:\/\/www.tirages-pro.com\/blog\/wp-json\/wp\/v2\/categories?post=4676"},{"taxonomy":"post_tag","embeddable":true,"href":"https:\/\/www.tirages-pro.com\/blog\/wp-json\/wp\/v2\/tags?post=4676"}],"curies":[{"name":"wp","href":"https:\/\/api.w.org\/{rel}","templated":true}]}}