{"id":4725,"date":"2025-11-17T18:30:00","date_gmt":"2025-11-17T17:30:00","guid":{"rendered":"https:\/\/www.tirages-pro.com\/blog\/?p=4725"},"modified":"2026-02-15T18:59:46","modified_gmt":"2026-02-15T17:59:46","slug":"concours-tiragespro-2025-les-laureats","status":"publish","type":"post","link":"https:\/\/www.tirages-pro.com\/blog\/2025\/11\/concours-tiragespro-2025-les-laureats\/","title":{"rendered":"Concours TiragesPro 2025\u00a0: les laur\u00e9ats"},"content":{"rendered":"\n<p>Le concours TiragesPro 2025 s&rsquo;est termin\u00e9 avec 398 participant.e.s et 994 images transmises. Bravo \u00e0 toutes celles et tous ceux qui ont particip\u00e9 !<\/p>\n\n\n\n<p>Apr\u00e8s l&rsquo;annonce des 45 magnifiques images pr\u00e9s\u00e9lectionn\u00e9es dans la short list sur nos pages <a href=\"https:\/\/www.facebook.com\/tiragespro\" target=\"_blank\" rel=\"noopener\">Facebook<\/a> et <a href=\"https:\/\/www.instagram.com\/tiragespro\" target=\"_blank\" rel=\"noreferrer noopener\">Instagram<\/a>, voici d\u00e9sormais le moment de d\u00e9voiler les, non pas 5, mais 6 laur\u00e9ats qui auront la chance de voir leur image tir\u00e9e en grand format et expos\u00e9e sur notre stand au <a href=\"https:\/\/www.photo-montier.org\" target=\"_blank\" rel=\"noreferrer noopener\">Festival de Montier-en-Der<\/a> du 20 au 23 novembre 2025 !<br><\/p>\n\n\n\n<!--more-->\n\n\n\n<p>Pour rappel, les images des laur\u00e9ats seront expos\u00e9es dans une des nombreuses finitions propos\u00e9es sur notre&nbsp;<a href=\"https:\/\/www.tirages-pro.com\">site<\/a>. Les laur\u00e9ats peuvent venir r\u00e9cup\u00e9rer leur \u0153uvre \u00e0 la fin du festival de Montier-en-Der ou la recevront chez eux.<\/p>\n\n\n\n<p>Nous vous invitons \u00e0 venir admirer les photographies laur\u00e9ates et les tirages r\u00e9alis\u00e9s. L&rsquo;\u00e9quipe sera heureuse de vous rencontrer et de vous renseigner en discutant autour d&rsquo;un caf\u00e9.<\/p>\n\n\n\n<p>Vous trouverez tous les d\u00e9tails sur la m\u00e9thode de s\u00e9lection et le jury du concours \u00e0 la fin de cet article.<\/p>\n\n\n\n<div class=\"wp-block-group is-vertical is-layout-flex wp-container-core-group-is-layout-fe9cc265 wp-block-group-is-layout-flex\">\n<h2 class=\"wp-block-heading\" style=\"padding-top:0;padding-bottom:0;line-height:1.5\">Les r\u00e9sultats<\/h2>\n\n\n\n<figure class=\"wp-block-gallery has-nested-images columns-1 wp-block-gallery-2 is-layout-flex wp-block-gallery-is-layout-flex\">\n<figure class=\"wp-block-image size-large\"><img data-recalc-dims=\"1\" alt=\"\" loading=\"lazy\" decoding=\"async\" width=\"1024\" height=\"680\" data-id=\"4738\" src=\"https:\/\/i0.wp.com\/www.tirages-pro.com\/blog\/wp-content\/uploads\/2025\/11\/WILDLIFE_PhilippeRicordel_LeManchotEtLePhoque_1200.jpg?resize=1024%2C680&#038;ssl=1\" alt=\"\" class=\"wp-image-4738\" srcset=\"https:\/\/i0.wp.com\/www.tirages-pro.com\/blog\/wp-content\/uploads\/2025\/11\/WILDLIFE_PhilippeRicordel_LeManchotEtLePhoque_1200.jpg?resize=1024%2C680&amp;ssl=1 1024w, https:\/\/i0.wp.com\/www.tirages-pro.com\/blog\/wp-content\/uploads\/2025\/11\/WILDLIFE_PhilippeRicordel_LeManchotEtLePhoque_1200.jpg?resize=300%2C200&amp;ssl=1 300w, https:\/\/i0.wp.com\/www.tirages-pro.com\/blog\/wp-content\/uploads\/2025\/11\/WILDLIFE_PhilippeRicordel_LeManchotEtLePhoque_1200.jpg?w=1200&amp;ssl=1 1200w\" sizes=\"auto, (max-width: 1000px) 100vw, 1000px\" \/><figcaption class=\"wp-element-caption\">Philippe Ricordel &#8211; Le manchot et le phoque &#8211; Cat\u00e9gorie Animalier<\/figcaption><\/figure>\n\n\n\n<figure class=\"wp-block-image size-large\"><img data-recalc-dims=\"1\" alt=\"\" loading=\"lazy\" decoding=\"async\" width=\"1024\" height=\"512\" data-id=\"4734\" src=\"https:\/\/i0.wp.com\/www.tirages-pro.com\/blog\/wp-content\/uploads\/2025\/11\/HUMAN_JonathanWosinski_LEnversDuDecor_1200.jpg?resize=1024%2C512&#038;ssl=1\" alt=\"\" class=\"wp-image-4734\" srcset=\"https:\/\/i0.wp.com\/www.tirages-pro.com\/blog\/wp-content\/uploads\/2025\/11\/HUMAN_JonathanWosinski_LEnversDuDecor_1200.jpg?resize=1024%2C512&amp;ssl=1 1024w, https:\/\/i0.wp.com\/www.tirages-pro.com\/blog\/wp-content\/uploads\/2025\/11\/HUMAN_JonathanWosinski_LEnversDuDecor_1200.jpg?resize=300%2C150&amp;ssl=1 300w, https:\/\/i0.wp.com\/www.tirages-pro.com\/blog\/wp-content\/uploads\/2025\/11\/HUMAN_JonathanWosinski_LEnversDuDecor_1200.jpg?w=1200&amp;ssl=1 1200w\" sizes=\"auto, (max-width: 1000px) 100vw, 1000px\" \/><figcaption class=\"wp-element-caption\">Jonathan Wosinski &#8211; L&rsquo;envers du d\u00e9cor &#8211; Cat\u00e9gorie Humain et la Nature<\/figcaption><\/figure>\n\n\n\n<figure class=\"wp-block-image size-large\"><img data-recalc-dims=\"1\" alt=\"\" loading=\"lazy\" decoding=\"async\" width=\"453\" height=\"680\" data-id=\"4737\" src=\"https:\/\/i0.wp.com\/www.tirages-pro.com\/blog\/wp-content\/uploads\/2025\/11\/WILDLIFE_KevinWimez_EnRougeEtNoir_1200.jpg?resize=453%2C680&#038;ssl=1\" alt=\"\" class=\"wp-image-4737\" srcset=\"https:\/\/i0.wp.com\/www.tirages-pro.com\/blog\/wp-content\/uploads\/2025\/11\/WILDLIFE_KevinWimez_EnRougeEtNoir_1200.jpg?resize=453%2C680&amp;ssl=1 453w, https:\/\/i0.wp.com\/www.tirages-pro.com\/blog\/wp-content\/uploads\/2025\/11\/WILDLIFE_KevinWimez_EnRougeEtNoir_1200.jpg?resize=200%2C300&amp;ssl=1 200w, https:\/\/i0.wp.com\/www.tirages-pro.com\/blog\/wp-content\/uploads\/2025\/11\/WILDLIFE_KevinWimez_EnRougeEtNoir_1200.jpg?w=800&amp;ssl=1 800w\" sizes=\"auto, (max-width: 453px) 100vw, 453px\" \/><figcaption class=\"wp-element-caption\">Kevin Wimez &#8211; En rouge et noir &#8211; Cat\u00e9gorie Animalier<\/figcaption><\/figure>\n\n\n\n<figure class=\"wp-block-image size-large\"><img data-recalc-dims=\"1\" alt=\"\" loading=\"lazy\" decoding=\"async\" width=\"1020\" height=\"680\" data-id=\"4736\" src=\"https:\/\/i0.wp.com\/www.tirages-pro.com\/blog\/wp-content\/uploads\/2025\/11\/MACRO_JeanLoupGrosse_JeVoisLaVieEnJaune_1200.jpg?resize=1020%2C680&#038;ssl=1\" alt=\"\" class=\"wp-image-4736\" srcset=\"https:\/\/i0.wp.com\/www.tirages-pro.com\/blog\/wp-content\/uploads\/2025\/11\/MACRO_JeanLoupGrosse_JeVoisLaVieEnJaune_1200.jpg?resize=1020%2C680&amp;ssl=1 1020w, https:\/\/i0.wp.com\/www.tirages-pro.com\/blog\/wp-content\/uploads\/2025\/11\/MACRO_JeanLoupGrosse_JeVoisLaVieEnJaune_1200.jpg?resize=300%2C200&amp;ssl=1 300w, https:\/\/i0.wp.com\/www.tirages-pro.com\/blog\/wp-content\/uploads\/2025\/11\/MACRO_JeanLoupGrosse_JeVoisLaVieEnJaune_1200.jpg?w=1200&amp;ssl=1 1200w\" sizes=\"auto, (max-width: 1000px) 100vw, 1000px\" \/><figcaption class=\"wp-element-caption\">Jean-Loup Grosse &#8211; Je vois la vie en jaune &#8211; Cat\u00e9gorie Macro &amp; Proxy<\/figcaption><\/figure>\n\n\n\n<figure class=\"wp-block-image size-large\"><img alt=\"\" loading=\"lazy\" decoding=\"async\" width=\"800\" height=\"1200\" data-id=\"4735\" src=\"https:\/\/i0.wp.com\/www.tirages-pro.com\/blog\/wp-content\/uploads\/2025\/11\/LANDSCAPE_AlexandreVelluet_BardenasTournoyant_1200.jpg?fit=453%2C680&amp;ssl=1\" alt=\"\" class=\"wp-image-4735\" srcset=\"https:\/\/i0.wp.com\/www.tirages-pro.com\/blog\/wp-content\/uploads\/2025\/11\/LANDSCAPE_AlexandreVelluet_BardenasTournoyant_1200.jpg?w=800&amp;ssl=1 800w, https:\/\/i0.wp.com\/www.tirages-pro.com\/blog\/wp-content\/uploads\/2025\/11\/LANDSCAPE_AlexandreVelluet_BardenasTournoyant_1200.jpg?resize=200%2C300&amp;ssl=1 200w, https:\/\/i0.wp.com\/www.tirages-pro.com\/blog\/wp-content\/uploads\/2025\/11\/LANDSCAPE_AlexandreVelluet_BardenasTournoyant_1200.jpg?resize=453%2C680&amp;ssl=1 453w\" sizes=\"auto, (max-width: 800px) 100vw, 800px\" \/><figcaption class=\"wp-element-caption\">Alexandre Velluet &#8211; Bardenas tournoyant &#8211; Cat\u00e9gorie Paysage<\/figcaption><\/figure>\n\n\n\n<figure class=\"wp-block-image size-large\"><img data-recalc-dims=\"1\" alt=\"\" loading=\"lazy\" decoding=\"async\" width=\"1020\" height=\"680\" data-id=\"4733\" src=\"https:\/\/i0.wp.com\/www.tirages-pro.com\/blog\/wp-content\/uploads\/2025\/11\/BLACKANDWHITE_JeanBaptisteDeChaisemartin_HidingThroughTheRain_1200.jpg?resize=1020%2C680&#038;ssl=1\" alt=\"\" class=\"wp-image-4733\" srcset=\"https:\/\/i0.wp.com\/www.tirages-pro.com\/blog\/wp-content\/uploads\/2025\/11\/BLACKANDWHITE_JeanBaptisteDeChaisemartin_HidingThroughTheRain_1200.jpg?resize=1020%2C680&amp;ssl=1 1020w, https:\/\/i0.wp.com\/www.tirages-pro.com\/blog\/wp-content\/uploads\/2025\/11\/BLACKANDWHITE_JeanBaptisteDeChaisemartin_HidingThroughTheRain_1200.jpg?resize=300%2C200&amp;ssl=1 300w, https:\/\/i0.wp.com\/www.tirages-pro.com\/blog\/wp-content\/uploads\/2025\/11\/BLACKANDWHITE_JeanBaptisteDeChaisemartin_HidingThroughTheRain_1200.jpg?w=1200&amp;ssl=1 1200w\" sizes=\"auto, (max-width: 1000px) 100vw, 1000px\" \/><figcaption class=\"wp-element-caption\">Jean-Baptiste de Chaisemartin &#8211; Hiding through the rain &#8211; Cat\u00e9gorie Noir et Blanc<\/figcaption><\/figure>\n<\/figure>\n<\/div>\n\n\n\n<div class=\"wp-block-group is-vertical is-layout-flex wp-container-core-group-is-layout-fe9cc265 wp-block-group-is-layout-flex\">\n<h2 class=\"wp-block-heading\" style=\"line-height:1.5\">La m\u00e9thode<\/h2>\n\n\n\n<p>\u00c0 chaque participation par l&rsquo;interm\u00e9diaire du&nbsp;formulaire, les informations telles que nom, pr\u00e9nom, adresse  ainsi que le titre de l&rsquo;image sont stock\u00e9es dans une banque de donn\u00e9es et le fichier image est anonymis\u00e9.<\/p>\n\n\n\n<p>\u00c0 la fin du concours, toutes les images sont mises \u00e0 disposition des membres du jury de mani\u00e8re s\u00e9curis\u00e9e.&nbsp;Toutes les m\u00e9tadonn\u00e9es sont supprim\u00e9es au pr\u00e9alable (sauf les donn\u00e9es indispensables \u00e0 la visualisation telles que le profil couleur) et les images sont tri\u00e9es par cat\u00e9gorie et num\u00e9rot\u00e9es de mani\u00e8re al\u00e9atoire.<\/p>\n\n\n\n<p>La s\u00e9lection est donc, autant que faire se peut, anonyme. Ce n&rsquo;est qu&rsquo;une fois les images laur\u00e9ates choisies, que le nom des participant.e.s est recherch\u00e9 dans la banque de donn\u00e9es et attribu\u00e9.<\/p>\n<\/div>\n\n\n\n<div class=\"wp-block-group is-vertical is-layout-flex wp-container-core-group-is-layout-f98cf28f wp-block-group-is-layout-flex\" style=\"padding-top:0;padding-right:0;padding-bottom:0;padding-left:0\">\n<div class=\"wp-block-group is-vertical is-layout-flex wp-container-core-group-is-layout-fe9cc265 wp-block-group-is-layout-flex\">\n<h2 class=\"wp-block-heading\">Le jury<\/h2>\n\n\n\n<p>Pour changer un peu, le jury habituel a d\u00e9cid\u00e9 de proposer d\u00e9sormais \u00e0 un ou une photographe diff\u00e9rent.e chaque ann\u00e9e de le rejoindre. C\u2019est avec grand plaisir que nous avons accueilli cette fois-ci Julia Roger-Veyer, photographe d&rsquo;action et d&rsquo;alpinisme et ambassadrice Canon.<\/p>\n\n\n\n<p>Voici quelques mots sur Julia dont vous pourrez d\u00e9couvrir 3 images en tirage d\u2019art sur le stand.&nbsp;&nbsp;<\/p>\n<\/div>\n\n\n\n<div class=\"wp-block-group is-vertical is-layout-flex wp-container-core-group-is-layout-fe9cc265 wp-block-group-is-layout-flex\">\n<h3 class=\"wp-block-heading\">Julia Roger-Veyer<\/h3>\n\n\n\n<p><img loading=\"lazy\" decoding=\"async\" class=\"tpgravatar\" src=\"https:\/\/secure.gravatar.com\/avatar\/ad36d78e5f3189639e2ce4f4bdd3465c?s=100&d=mm&r=g\" srcset=\"https:\/\/secure.gravatar.com\/avatar\/ad36d78e5f3189639e2ce4f4bdd3465c?s=200&d=mm&r=g 2x\" height=\"100\" width=\"100\">N\u00e9e Parisienne, Julia Roger-Veyer se fait tr\u00e8s t\u00f4t Chamoniarde pour \u00e9tirer et vivre toute l\u2019ann\u00e9e les moments pass\u00e9s aupr\u00e8s de ses grands-parents savoyards, fervents amoureux des Alpes. Avec eux, elle d\u00e9couvre Chamonix \u00e0 l&rsquo;\u00e2ge de 11 ans entre balades, photo et peinture.&nbsp;<\/p>\n\n\n\n<p>Souhaitant se destiner \u00e0 une carri\u00e8re m\u00e9dicale en montagne, elle rejoint tout d\u2019abord le prestigieux PGHM (Peloton de Gendarmerie de Haute Montagne) de Chamonix avant de continuer \u00e0 l&rsquo;ENSA (\u00c9cole Nationale de Ski et d&rsquo;Alpinisme), o\u00f9 elle trouve son \u00e9quilibre entre soins et sommets. Conjuguant m\u00e9tier et photo, elle incarne d\u00e9sormais la passion de la montagne sous toutes ses formes.<\/p>\n\n\n\n<p>Derri\u00e8re l&rsquo;objectif, Julia r\u00e9v\u00e8le plusieurs autres de ses talents. Ambassadrice Canon, elle capture depuis plus de 10 ans l&rsquo;intensit\u00e9 des sports d&rsquo;action en haute altitude, souvent dans des conditions extr\u00eames, malgr\u00e9 une vraie aversion pour le froid.<\/p>\n\n\n\n<p>Sa photographie de nature compl\u00e8te l\u2019effervescence des \u00e9v\u00e9nements sportifs, en ajoutant beaut\u00e9, contemplation et \u00e9merveillement \u00e0 sa palette d\u2019images. Elle affirme ainsi sa place et contribue \u00e0 la reconnaissance des femmes dans le milieu de la photographie.<\/p>\n\n\n\n<p>\u00c0 Chamonix, o\u00f9 elle vit avec sa famille, Julia jongle entre ses deux vies compl\u00e9mentaires qui lui permettent de rester connect\u00e9e \u00e0 ce qui compte pour elle : la nature, les montagnes, et ces instants de gr\u00e2ce qu&rsquo;elle fige pour l&rsquo;\u00e9ternit\u00e9. <\/p>\n\n\n\n<p>Plus d&rsquo;infos sur&nbsp;<a href=\"https:\/\/instagram.com\/julia.ascentphotography\" target=\"_blank\" rel=\"noreferrer noopener\">la page Instagram de Julia<\/a>.<\/p>\n<\/div>\n\n\n\n<div class=\"wp-block-group is-vertical is-layout-flex wp-container-core-group-is-layout-fe9cc265 wp-block-group-is-layout-flex\">\n<h3 class=\"wp-block-heading\" style=\"padding-top:0;padding-bottom:0\">Bastien Riu<\/h3>\n\n\n\n<p><img loading=\"lazy\" decoding=\"async\" class=\"tpgravatar\" src=\"https:\/\/secure.gravatar.com\/avatar\/92a34f364d782e05bc206acb362372f1?s=100&d=mm&r=g\" srcset=\"https:\/\/secure.gravatar.com\/avatar\/92a34f364d782e05bc206acb362372f1?s=200&d=mm&r=g 2x\" height=\"100\" width=\"100\">Bastien est passionn\u00e9 par l&rsquo;art et la vie sauvage&nbsp;depuis son enfance. Curieux et toujours en qu\u00eate&nbsp;de divers moyens&nbsp;d&rsquo;expression, il va&nbsp;alors&nbsp;s&rsquo;int\u00e9resser \u00e0 diff\u00e9rents supports d&rsquo;arts plastiques&nbsp;tels que la sculpture et la peinture. Il int\u00e8grera par la&nbsp;suite une \u00e9cole d&rsquo;arts appliqu\u00e9s sur Lyon. C&rsquo;est l\u00e0&nbsp;qu&rsquo;il d\u00e9couvrira la photographie, qui fut pour lui une&nbsp;r\u00e9v\u00e9lation.<\/p>\n\n\n\n<p>\u00c0 travers un regard&nbsp;personnel et \u00e0 l&rsquo;aide de diff\u00e9rentes techniques&nbsp;photographiques, il tente de mettre en avant la faune et la flore,&nbsp;de les sublimer \u00e0 sa fa\u00e7on. Ses images m\u00ealent&nbsp;po\u00e9sie, graphisme et minimalisme, et mettent le&nbsp;sujet au c\u0153ur de l&rsquo;image.<\/p>\n\n\n\n<p>Plus d&rsquo;infos&nbsp;<a href=\"https:\/\/www.bastienriu.com\" target=\"_blank\" rel=\"noreferrer noopener\">le site web de Bastien<\/a>.<\/p>\n<\/div>\n\n\n\n<div class=\"wp-block-group is-vertical is-layout-flex wp-container-core-group-is-layout-fe9cc265 wp-block-group-is-layout-flex\">\n<h3 class=\"wp-block-heading\">J\u00e9r\u00f4me Obiols<\/h3>\n\n\n\n<p><img loading=\"lazy\" decoding=\"async\" class=\"tpgravatar\" src=\"https:\/\/secure.gravatar.com\/avatar\/735e81e4680f98989d13d01cc4d472b7?s=100&d=mm&r=g\" srcset=\"https:\/\/secure.gravatar.com\/avatar\/735e81e4680f98989d13d01cc4d472b7?s=200&d=mm&r=g 2x\" height=\"100\" width=\"100\">Photographe de Montagne, J\u00e9r\u00f4me s&rsquo;est sp\u00e9cialis\u00e9 dans la photographie de paysage dans les massifs des Alpes fran\u00e7aises. <span class=\"expo--description\">N\u00e9 en 1977, J\u00e9r\u00f4me passe son enfance dans les Corbi\u00e8res, au pied des Pyr\u00e9n\u00e9es. C&rsquo;est en 2001 qu&rsquo;il s&rsquo;installe&nbsp;<\/span><span style=\"font-size: revert;\">dans le Rh\u00f4ne et qu&rsquo;il d\u00e9couvre les Alpes et ses glaciers : c\u2019est une v\u00e9ritable r\u00e9v\u00e9lation. Attir\u00e9 par les cimes, il \u00e9prouve vite le besoin d\u2019aller au c\u0153ur des montagnes, l\u00e0 o\u00f9 seuls certains initi\u00e9s s\u2019aventurent.<\/span><\/p>\n\n\n\n<p><span style=\"font-size: revert;\">Devenu grimpeur et alpiniste, il donne en 2013 une tournure professionnelle \u00e0 cette nouvelle passion en proposant un vision artistique, souvent en noir-et-blanc des Alpes fran\u00e7aises.<\/span><\/p>\n\n\n\n<p>Plus d&rsquo;infos&nbsp;<a href=\"https:\/\/jeromeobiols.com\" target=\"_blank\" rel=\"noreferrer noopener\">sur le site web de J\u00e9r\u00f4me<\/a>.<\/p>\n<\/div>\n\n\n\n<div class=\"wp-block-group is-vertical is-layout-flex wp-container-core-group-is-layout-fe9cc265 wp-block-group-is-layout-flex\">\n<h3 class=\"wp-block-heading\">R\u00e9mi Garcia<\/h3>\n\n\n\n<p><img loading=\"lazy\" decoding=\"async\" class=\"tpgravatar\" src=\"https:\/\/secure.gravatar.com\/avatar\/724d8d4af46a195daf2d33ee374be4ea?s=100&d=mm&r=g\" srcset=\"https:\/\/secure.gravatar.com\/avatar\/724d8d4af46a195daf2d33ee374be4ea?s=200&d=mm&r=g 2x\" height=\"100\" width=\"100\">N\u00e9 en 1983 dans le sud-ouest de la France, R\u00e9mi a grandi en Guyane fran\u00e7aise. C&rsquo;est sans doute l\u00e0-bas qu&rsquo;il r\u00e9alise \u00e0 quel point la Nature est importante \u00e0 ses yeux.&nbsp;La photographie, qu&rsquo;il consid\u00e8re d&rsquo;abord comme un jeu et un outil de partage, devient alors&nbsp;au fil des ann\u00e9es une partie de lui.<\/p>\n\n\n\n<p>Perfectionniste infatigable, R\u00e9mi nourrit sa photographie de son exp\u00e9rience professionnelle dans les domaines de la gestion de projet, de l&rsquo;am\u00e9lioration continue et de la protection de l&rsquo;environnement.<\/p>\n\n\n\n<p>En 2014, pour sa 2<sup>e<\/sup> participation au festival de Montier-en-Der, il pr\u00e9sente&nbsp;une exposition sur les esp\u00e8ces end\u00e9miques de la Martinique&nbsp;en voie de disparition. Le graphisme \u00e9pur\u00e9 des images ainsi que l&rsquo;investissement de temps n\u00e9cessaire \u00e0 leur&nbsp;r\u00e9alisation furent largement salu\u00e9s.<\/p>\n\n\n\n<p>Plus d&rsquo;infos&nbsp;<a href=\"https:\/\/www.remigarcia.com\" target=\"_blank\" rel=\"noopener noreferrer\">sur le site web de R\u00e9mi<\/a>.<\/p>\n<\/div>\n\n\n\n<div class=\"wp-block-group is-vertical is-layout-flex wp-container-core-group-is-layout-fe9cc265 wp-block-group-is-layout-flex\">\n<h3 class=\"wp-block-heading\">Tom Mosack<\/h3>\n\n\n\n<p><img loading=\"lazy\" decoding=\"async\" class=\"tpgravatar\" src=\"https:\/\/secure.gravatar.com\/avatar\/f0b3cd655d50fca162f6c8913e91aee1?s=100&d=mm&r=g\" srcset=\"https:\/\/secure.gravatar.com\/avatar\/f0b3cd655d50fca162f6c8913e91aee1?s=200&d=mm&r=g 2x\" height=\"100\" width=\"100\">Tom est le fondateur et directeur de Stage Photo Pyr\u00e9n\u00e9es. Photographe autodidacte, c&rsquo;est en 2012 qu&rsquo;il d\u00e9cide de se consacrer enti\u00e8rement au d\u00e9veloppement de stages photos dans la r\u00e9gion du sud ouest.<\/p>\n\n\n\n<p>Son calme naturel&nbsp;et sa capacit\u00e9 \u00e0 synth\u00e9tiser les processus&nbsp;complexes de la photographie de nature en les rendant accessibles lui ont permis de devenir un coach tr\u00e8s&nbsp;appr\u00e9ci\u00e9 tant&nbsp;des n\u00e9ophytes ainsi accompagn\u00e9s dans l&rsquo;apprentissage de la pratique photographique, que des photographes confirm\u00e9s d\u00e9sireux de parfaire leurs connaissances ou de d\u00e9couvrir une nouvelle r\u00e9gion.<\/p>\n\n\n\n<p>Plus d&rsquo;infos&nbsp;<a href=\"https:\/\/www.stage-photo-pyrenees.fr\" target=\"_blank\" rel=\"noopener noreferrer\">le site de Stage Photo Pyr\u00e9n\u00e9es<\/a>.<\/p>\n<\/div>\n\n\n\n<div class=\"wp-block-group is-vertical is-layout-flex wp-container-core-group-is-layout-40f5052d wp-block-group-is-layout-flex\" style=\"padding-top:0;padding-bottom:0\">\n<h3 class=\"wp-block-heading\">R\u00e9gis Derimay<\/h3>\n\n\n\n<p><img loading=\"lazy\" decoding=\"async\" class=\"tpgravatar\" src=\"https:\/\/secure.gravatar.com\/avatar\/5990e52be6c7a6d471e0687dcfbdb562?s=100&d=mm&r=g\" srcset=\"https:\/\/secure.gravatar.com\/avatar\/5990e52be6c7a6d471e0687dcfbdb562?s=200&d=mm&r=g 2x\" height=\"100\" width=\"100\">R\u00e9gis est le fondateur et directeur du laboratoire&nbsp;photographique TiragesPro. Apr\u00e8s plusieurs ann\u00e9es pass\u00e9es dans le monde de l&rsquo;optimisation de production, il fait la constatation en 2009 qu&rsquo;il est impossible&nbsp;de trouver un labo capable de tirer fid\u00e8lement ses images pour un prix raisonnable et d\u00e9cide de cr\u00e9er TiragesPro.<\/p>\n\n\n\n<p>Bas\u00e9 sur la combinaison d&rsquo;une gestion de commande minutieuse et d&rsquo;une attention constante \u00e0 la qualit\u00e9, TiragesPro s&rsquo;est impos\u00e9 au fil des ans comme un des labos de pointe pl\u00e9biscit\u00e9&nbsp;par tous. Sa devise : \u00ab\u00a0Les clients ne peuvent jamais \u00eatre aussi maniaques que nous !\u00a0\u00bb<\/p>\n<\/div>\n<\/div>\n","protected":false},"excerpt":{"rendered":"<p>Le concours TiragesPro 2025 s&rsquo;est termin\u00e9 avec 398 participant.e.s et 994 images transmises. Bravo \u00e0 toutes celles et tous ceux qui ont particip\u00e9 ! Apr\u00e8s l&rsquo;annonce des 45 magnifiques images pr\u00e9s\u00e9lectionn\u00e9es dans la short list sur nos pages Facebook et Instagram, voici d\u00e9sormais le moment de d\u00e9voiler les, non pas 5, mais 6 laur\u00e9ats qui [&hellip;]<\/p>\n","protected":false},"author":1,"featured_media":4740,"comment_status":"open","ping_status":"open","sticky":true,"template":"","format":"standard","meta":{"_seopress_robots_primary_cat":"none","_seopress_titles_title":"","_seopress_titles_desc":"","_seopress_robots_index":"","inline_featured_image":false,"_themeisle_gutenberg_block_has_review":false,"footnotes":""},"categories":[47,224],"tags":[42,217,43],"class_list":["post-4725","post","type-post","status-publish","format-standard","has-post-thumbnail","hentry","category-concours","category-must-read","tag-concours","tag-featured","tag-montier-en-der"],"_links":{"self":[{"href":"https:\/\/www.tirages-pro.com\/blog\/wp-json\/wp\/v2\/posts\/4725","targetHints":{"allow":["GET"]}}],"collection":[{"href":"https:\/\/www.tirages-pro.com\/blog\/wp-json\/wp\/v2\/posts"}],"about":[{"href":"https:\/\/www.tirages-pro.com\/blog\/wp-json\/wp\/v2\/types\/post"}],"author":[{"embeddable":true,"href":"https:\/\/www.tirages-pro.com\/blog\/wp-json\/wp\/v2\/users\/1"}],"replies":[{"embeddable":true,"href":"https:\/\/www.tirages-pro.com\/blog\/wp-json\/wp\/v2\/comments?post=4725"}],"version-history":[{"count":20,"href":"https:\/\/www.tirages-pro.com\/blog\/wp-json\/wp\/v2\/posts\/4725\/revisions"}],"predecessor-version":[{"id":4856,"href":"https:\/\/www.tirages-pro.com\/blog\/wp-json\/wp\/v2\/posts\/4725\/revisions\/4856"}],"wp:featuredmedia":[{"embeddable":true,"href":"https:\/\/www.tirages-pro.com\/blog\/wp-json\/wp\/v2\/media\/4740"}],"wp:attachment":[{"href":"https:\/\/www.tirages-pro.com\/blog\/wp-json\/wp\/v2\/media?parent=4725"}],"wp:term":[{"taxonomy":"category","embeddable":true,"href":"https:\/\/www.tirages-pro.com\/blog\/wp-json\/wp\/v2\/categories?post=4725"},{"taxonomy":"post_tag","embeddable":true,"href":"https:\/\/www.tirages-pro.com\/blog\/wp-json\/wp\/v2\/tags?post=4725"}],"curies":[{"name":"wp","href":"https:\/\/api.w.org\/{rel}","templated":true}]}}