{"id":921,"date":"2012-07-15T02:16:52","date_gmt":"2012-07-15T00:16:52","guid":{"rendered":"http:\/\/www.tirages-pro.com\/blog\/?p=921"},"modified":"2026-02-16T23:09:48","modified_gmt":"2026-02-16T22:09:48","slug":"rencontre-avec-francois-lepage","status":"publish","type":"post","link":"https:\/\/www.tirages-pro.com\/blog\/2012\/07\/rencontre-avec-francois-lepage\/","title":{"rendered":"Fran\u00e7ois Lepage, le reportage du sud au nord"},"content":{"rendered":"<p style=\"text-align: justify;\">Le pas suspendu du manchot\u00a0:<\/p>\n<p style=\"text-align: justify;\">Trois manchots sortent de l&rsquo;eau sur une plage de sable noir avec en arri\u00e8re plan, le Marion Dufresne, navire embl\u00e9matique des Terres Australes et Antarctiques Fran\u00e7aises, qui surveille la baie.<\/p>\n<p style=\"text-align: justify;\">C&rsquo;est sur ce bateau, le Marion Dufresne, que Fran\u00e7ois Lepage\u00a0s&#8217;embarque en 2010 pour une premi\u00e8re escapade du c\u00f4t\u00e9 de la photo de nature et des terres du Grand Sud. Reporter-photographe, il \u00e9tait \u00a0jusqu&rsquo;alors plus tourn\u00e9 vers le documentaire et un travail sur l&rsquo;humain.\u00a0Aurait-il pris go\u00fbt \u00e0 la fra\u00eecheur des terres Antarctiques\u00a0?\u00a0Il a depuis repris avec entrain la vie de photographe-auteur, correspondant\u00a0de Sipa Press\u00a0pour la Bretagne.<!--more--><\/p>\n<p style=\"text-align: justify;\">Mais il pr\u00e9voit pour la fin de cette ann\u00e9e un nouveau d\u00e9part pour\u00a0l&rsquo;Antarctique, pays de la glace et des pieds gel\u00e9s. Ce pays o\u00f9 on doit porter les batteries contre soi comme des nouveau-n\u00e9s pour que le mat\u00e9riel accepte de suivre l&rsquo;\u0153il du photographe\u00a0!<\/p>\n<p style=\"text-align: justify;\"><a href=\"https:\/\/i0.wp.com\/www.tirages-pro.com\/blog\/wp-content\/uploads\/2012\/07\/FrancoisLepage-LePasSuspenduDuManchot.jpg?ssl=1\"><img data-recalc-dims=\"1\" alt=\"\" loading=\"lazy\" decoding=\"async\" class=\"aligncenter wp-image-930 size-full\" title=\"Fran\u00e7ois Lepage, le pas suspendu du manchot\" src=\"https:\/\/i0.wp.com\/www.tirages-pro.com\/blog\/wp-content\/uploads\/2012\/07\/FrancoisLepage-LePasSuspenduDuManchot.jpg?resize=640%2C426&#038;ssl=1\" width=\"640\" height=\"426\" srcset=\"https:\/\/i0.wp.com\/www.tirages-pro.com\/blog\/wp-content\/uploads\/2012\/07\/FrancoisLepage-LePasSuspenduDuManchot.jpg?w=640&amp;ssl=1 640w, https:\/\/i0.wp.com\/www.tirages-pro.com\/blog\/wp-content\/uploads\/2012\/07\/FrancoisLepage-LePasSuspenduDuManchot.jpg?resize=300%2C200&amp;ssl=1 300w\" sizes=\"auto, (max-width: 640px) 100vw, 640px\" \/><\/a>Malgr\u00e9 un agenda bien rempli, il r\u00e9pond aujourd&rsquo;hui \u00e0 quelques questions pour TiragesPro.<\/p>\n<p style=\"text-align: justify;\"><strong>TiragesPro\u00a0:<br \/>\n<\/strong>Commen\u00e7ons par le d\u00e9but : pouvez-vous nous dire comment vous \u00eates devenu photographe professionnel\u00a0?<\/p>\n<p style=\"text-align: justify;\"><strong>Fran\u00e7ois Lepage\u00a0:<br \/>\n<\/strong><img data-recalc-dims=\"1\" alt=\"\" loading=\"lazy\" decoding=\"async\" class=\"size-full wp-image-938 alignleft\" title=\"Portrait de Fran\u00e7ois Lepage\" src=\"https:\/\/i0.wp.com\/static.tirages-pro.com\/blog\/wp-content\/uploads\/2012\/07\/Francois2-1.jpg?resize=133%2C200\" alt=\"\" width=\"133\" height=\"200\" \/>Je n&rsquo;ai pas fait d&rsquo;\u00e9tudes de photographie dans une \u00e9cole. Au moment de choisir mon orientation professionnelle, je manquais de confiance en moi pour envisager la photo en tant que m\u00e9tier. Mais mes \u00e9tudes de lettres et mon travail comme enseignant de fran\u00e7ais langue \u00e9trang\u00e8re m&rsquo;ont permis de voyager, de photographier et surtout de prendre conscience de ce que je voulais vraiment faire. J&rsquo;ai alors r\u00e9alis\u00e9 un reportage sur les fili\u00e8res industrielles en Afrique et en particulier au Kenya avec lequel j&rsquo;ai ensuite d\u00e9march\u00e9 les agences, les magazines, \u2026\u00a0Mon travail a plu, m\u00eame si \u00e7a ne s&rsquo;est pas imm\u00e9diatement concr\u00e9tis\u00e9 sous forme de contrat. Mais lorsque la place de correspondant pour l&rsquo;ouest de la France s&rsquo;est lib\u00e9r\u00e9e chez Sipa Press, c&rsquo;est moi qui l&rsquo;ai eue.<\/p>\n<p style=\"text-align: justify;\">La situation de la photo de presse n&rsquo;est pas facile actuellement, mais j&rsquo;ai beaucoup de projets qui me tiennent \u00e0 c\u0153ur, des documentaires, des sujets humains avec \u00e0 suivre, des expositions, des livres, des tirages d&rsquo;art pour faire conna\u00eetre mon travail. J&rsquo;esp\u00e8re ainsi faire pleinement ce qui me plait le plus dans le travail de photographe : rencontrer et raconter les gens.<\/p>\n<p style=\"text-align: justify;\"><strong>TiragesPro\u00a0:<br \/>\n<\/strong>La photo de nature, c&rsquo;est une nouvelle facette de votre travail ?<\/p>\n<p style=\"text-align: justify;\"><strong>Fran\u00e7ois Lepage\u00a0:<br \/>\n<\/strong>Oui, lorsque j&rsquo;ai embarqu\u00e9 sur le Marion-Dufresne, c&rsquo;\u00e9tait \u00e0 l&rsquo;origine avec l&rsquo;id\u00e9e de faire un reportage sur le bateau, son fonctionnement, son \u00e9quipage et son \u00e9quipement. Une initiative de la journaliste Caroline Britz. Au d\u00e9part, \u00e7a devait \u00eatre quelque chose d&rsquo;un peu technique pour un public averti. Et finalement, j&rsquo;ai \u00e9t\u00e9 pris par la beaut\u00e9 des paysages, des animaux, de la vie sauvage. \u00c0 mon retour, les photos ont plu et Sipa Press, l&rsquo;agence avec laquelle je travaille, m&rsquo;a propos\u00e9 de participer au projet \u00ab\u00a0C\u0153ur de nature en France\u00a0\u00bb, avec des reportages \u00e0 r\u00e9aliser dans les r\u00e9serves naturelles.<\/p>\n<p style=\"text-align: justify;\"><img data-recalc-dims=\"1\" alt=\"\" loading=\"lazy\" decoding=\"async\" class=\"alignright wp-image-967\" title=\"Fran\u00e7ois Lepage, couverture du livre Marion Dufresne, ravitailleur du bout du monde\" src=\"https:\/\/i0.wp.com\/www.tirages-pro.com\/blog\/wp-content\/uploads\/2012\/07\/Couv-Marion-ufresne_2-494x362.jpg?resize=180%2C131&#038;ssl=1\" alt=\"\" width=\"180\" height=\"131\" \/>\u00c7a m&rsquo;a permis de d\u00e9couvrir des endroits superbes et d&rsquo;exposer\u00a0mon travail sur les grilles du jardin du Luxembourg \u00e0 Paris fin 2011. Puis en mars 2012, \u00a0chez Marines \u00c9ditions, nous avons sorti un livre, avec\u00a0\u00a0les textes de Caroline Britz\u00a0et\u00a0mes photos\u00a0:\u00a0<em><a href=\"http:\/\/www.marines-editions.fr\/marion-dufresne-ravitailleur-du-bout-du-monde,fr,4,31034.cfm\" target=\"_blank\">Marion Dufresne, ravitailleur du bout du monde<\/a><\/em>.<\/p>\n<p style=\"text-align: justify;\">Plus r\u00e9cemment, j&rsquo;ai parcouru 270 km \u00e0 pied dans les C\u00e9vennes\u00a0:\u00a0une France sauvage et oubli\u00e9e\u2026 Magnifique, malgr\u00e9 les ampoules dues \u00e0 mes chaussures neuves, les pr\u00e9c\u00e9dentes ayant laiss\u00e9 leurs derniers crampons dans le Jura cet hiver. D\u00e9couvrir les merveilles des r\u00e9serves naturelles, \u00e7a se m\u00e9rite\u00a0!<\/p>\n<p style=\"text-align: justify;\"><strong>TiragesPro\u00a0:<br \/>\n<\/strong>Ce voyage sur le Marion Dufresne semble vous avoir beaucoup apport\u00e9.<\/p>\n<p style=\"text-align: justify;\"><strong>Fran\u00e7ois Lepage\u00a0:<br \/>\n<\/strong><img data-recalc-dims=\"1\" alt=\"\" loading=\"lazy\" decoding=\"async\" class=\"size-medium wp-image-934 alignleft\" title=\"L'\u00e9quipe devant le Marion Dufresne\" src=\"https:\/\/i0.wp.com\/www.tirages-pro.com\/blog\/wp-content\/uploads\/2012\/07\/Ajpg08.jpg?resize=300%2C199&#038;ssl=1\" alt=\"\" width=\"300\" height=\"199\" \/>Et \u00e7a m&rsquo;a permis \u00e9galement de travailler avec mon fr\u00e8re Emmanuel, dessinateur de bandes dessin\u00e9es. Il y a quelque temps, son livre <em>Voyage aux \u00eeles de la D\u00e9solation<\/em> et mon travail de photographe autour de ces m\u00eames \u00eeles ont \u00e9t\u00e9 remarqu\u00e9s par l&rsquo;IPEV, l&rsquo;institut Paul \u00c9mile Victor qui nous propose une r\u00e9sidence en Antarctique avec au retour une expo, textes, photos et dessins. Les dessins d&rsquo;Emmanuel seront scann\u00e9s pour en faire des reproductions d&rsquo;art.<\/p>\n<p style=\"text-align: justify;\">Cette fois-ci, c&rsquo;est vraiment la grande aventure puisque, faute de places suppl\u00e9mentaires, nous conduirons nous-m\u00eames des autochenilles dans le convoi de ravitaillement pour les bases australes, depuis Dumont-D&rsquo;Urville jusqu&rsquo;\u00e0 Concordia\u00a0: 1100\u00a0km. 10 \u00e0 12 jours de voyage par des temp\u00e9ratures pouvant descendre jusqu&rsquo;\u00e0 -50\u00b0. Et si les autochenilles s&rsquo;enlisent, il va falloir pelleter pour les d\u00e9gager. Ils m&rsquo;ont m\u00eame demand\u00e9 de faire enlever la graisse de mes objectifs pour \u00e9viter qu&rsquo;elle ne g\u00e8le. Un bon test pour mon mat\u00e9riel\u00a0!<\/p>\n<p style=\"text-align: justify;\"><strong>TiragesPro\u00a0:<br \/>\n<\/strong>Et votre travail pour Sipa Press dans tout \u00e7a ?<\/p>\n<p style=\"text-align: justify;\"><strong>Fran\u00e7ois Lepage\u00a0:<br \/>\n<\/strong>M\u00eame si la pr\u00e9paration de tels projets prend beaucoup de temps, je continue mon travail de reporter. Je suis l&rsquo;actualit\u00e9 en Bretagne, les commandes d&rsquo;entreprises. Parfois c&rsquo;est moi qui propose les sujets, comme r\u00e9cemment un reportage sur de nombreux licenciements dans une usine de Rennes.<\/p>\n<p style=\"text-align: justify;\"><a href=\"https:\/\/i0.wp.com\/www.tirages-pro.com\/blog\/wp-content\/uploads\/2012\/07\/FrancoisLepage-TravailleursDuCafe.jpg?ssl=1\"><img data-recalc-dims=\"1\" alt=\"\" loading=\"lazy\" decoding=\"async\" class=\"aligncenter wp-image-929 size-full\" title=\"Fran\u00e7ois Lepage, les travailleurs du caf\u00e9\" src=\"https:\/\/i0.wp.com\/static.tirages-pro.com\/blog\/wp-content\/uploads\/2012\/07\/FrancoisLepage-TravailleursDuCafe.jpg?resize=640%2C426\" width=\"640\" height=\"426\" srcset=\"https:\/\/i0.wp.com\/www.tirages-pro.com\/blog\/wp-content\/uploads\/2012\/07\/FrancoisLepage-TravailleursDuCafe.jpg?w=640&amp;ssl=1 640w, https:\/\/i0.wp.com\/www.tirages-pro.com\/blog\/wp-content\/uploads\/2012\/07\/FrancoisLepage-TravailleursDuCafe.jpg?resize=300%2C200&amp;ssl=1 300w\" sizes=\"auto, (max-width: 640px) 100vw, 640px\" \/><\/a><\/p>\n<p style=\"text-align: justify;\">Une agence de presse a plusieurs r\u00f4les aupr\u00e8s du photographe. Elle m&rsquo;appelle lorsqu&rsquo;il y a des \u00e9v\u00e9nements dans ma r\u00e9gion, la Bretagne ou des commandes \u00e0 traiter. Mais c&rsquo;est aussi moi qui propose. Alors Sipa Press m&rsquo;aide \u00e0 trouver des partenaires, des personnes capables de financer mon travail. Actuellement, \u00a0il est tr\u00e8s rare de pouvoir placer un reportage entier dans un magazine, ils demandent plut\u00f4t des photos pour illustrer un sujet, des choses courtes et ponctuelles. L&rsquo;\u00e2ge d&rsquo;or du photojournalisme est termin\u00e9, d\u00e9sormais les places sont ch\u00e8res.<\/p>\n<p style=\"text-align: justify;\">Mais ce ne sont pas les projets qui manquent, plut\u00f4t le temps et les moyens financiers pour les r\u00e9aliser.<\/p>\n<p style=\"text-align: justify;\"><strong>TiragesPro\u00a0:<br \/>\n<\/strong>Merci, Fran\u00e7ois, pour votre disponibilit\u00e9 et bon courage pour la r\u00e9alisation de tous vos projets.\u00a0Pour nos lecteurs qui souhaitent aller plus loin, on rappelle qu&rsquo;ils peuvent consulter votre site <a href=\"http:\/\/www.francoislepage.com\" target=\"_blank\">www.francoislepage.com<\/a>. Ils pourront y trouver de nombreuses informations suppl\u00e9mentaires et m\u00eame y commander des tirages d&rsquo;art ou des cartes (sous l&rsquo;onglet Galerie).<\/p>\n<p>&nbsp;<\/p>\n<h2>Mise-\u00e0-jour\u00a004.04.2014 : Fran\u00e7ois Lepage aux \u00c9parses<\/h2>\n<p>Lors de notre rencontre, avec Fran\u00e7ois Lepage en juillet 2012, il nous racontait la rotation sur le Marion Dufresne entre les \u00celes de la D\u00e9solation et leurs voisines australes, l\u2019exposition \u00ab\u00a0C\u0153ur de Nature en France\u00a0\u00bb sur les grilles du S\u00e9nat \u00e0 Paris, le voyage en Antarctique vers les bases Concordia et Dumont d\u2019Urville en pr\u00e9paration, et bien d\u2019autres projets encore \u00e0 concr\u00e9tiser.<\/p>\n<p><a href=\"https:\/\/i0.wp.com\/www.tirages-pro.com\/blog\/wp-content\/uploads\/2012\/07\/FrancoisLepage-MarionDufresneDevantTromolin.jpg?ssl=1\"><img data-recalc-dims=\"1\" loading=\"lazy\" decoding=\"async\" class=\"aligncenter wp-image-1727 size-full\" src=\"https:\/\/i0.wp.com\/www.tirages-pro.com\/blog\/wp-content\/uploads\/2012\/07\/FrancoisLepage-MarionDufresneDevantTromolin.jpg?resize=620%2C413&#038;ssl=1\" alt=\"Fran\u00e7ois Lepage - Marion Dufresne devant Tromelin\" width=\"620\" height=\"413\" srcset=\"https:\/\/i0.wp.com\/www.tirages-pro.com\/blog\/wp-content\/uploads\/2012\/07\/FrancoisLepage-MarionDufresneDevantTromolin.jpg?w=620&amp;ssl=1 620w, https:\/\/i0.wp.com\/www.tirages-pro.com\/blog\/wp-content\/uploads\/2012\/07\/FrancoisLepage-MarionDufresneDevantTromolin.jpg?resize=300%2C200&amp;ssl=1 300w\" sizes=\"auto, (max-width: 620px) 100vw, 620px\" \/><\/a><\/p>\n<p>Un an et demi plus tard, les choses ont beaucoup \u00e9volu\u00e9. Ces reportages dont il \u00e9tait question sont d\u00e9sormais int\u00e9gr\u00e9s \u00e0 un vaste projet photographique sur les terres isol\u00e9es et prot\u00e9g\u00e9es de France\u00a0: \u00ab\u00a0R\u00e9serves\u00a0\u00bb.<\/p>\n<p>Dans ce projet, le regard du photographe se pose sur les liens forts et essentiels entre l\u2019humain et la nature, faisant se rejoindre protecteur et prot\u00e9g\u00e9 sur ces territoires aussi magnifiques qu\u2019inaccessibles o\u00f9 tout est unique et chaque esp\u00e8ce end\u00e9mique.<\/p>\n<p>L\u2019\u00e9tape suivante de \u00ab\u00a0R\u00e9serves\u00a0\u00bb, l\u2019acte IV, concerne les \u00celes \u00c9parses, des \u00eelots, des bancs de sable, des cailloux minuscules situ\u00e9s aux alentours de Madagascar dans le canal du Mozambique. Pour entrevoir ce dernier recoin des TAAF, Fran\u00e7ois Lepage retrouvera le Marion Dufresne et toutes les contraintes de ce genre de voyage\u00a0: peu de temps, peu de libert\u00e9 \u00e0 terre et l\u2019obligation de d\u00e9clencher vite, bien et juste. Pour \u00e7a, on peut lui faire confiance.<\/p>\n<p>Vous pouvez suivre te nouvelle \u00e9tape, jour apr\u00e8s jour sur <a title=\"Blog du projet R\u00e9serves, Acte IV\" href=\"http:\/\/francoislepageunprojetphotographique.wordpress.com\" target=\"_blank\">son blog d\u00e9di\u00e9<\/a> : et m\u00eame faire un peu partie du voyage en participant finaci\u00e8rement \u00e0 ce projet en vous rendant sur son <a href=\"http:\/\/www.kisskissbankbank.com\/fr\/projects\/reserves-acte-iv-vers-les-iles-eparses\" target=\"_blank\">KissKissBankBank<\/a>.<\/p>\n<h2>Bibliographie :<\/h2>\n<ul>\n<li>La Lune est blanche, 2014, \u00c9ditions Futuropolis \u2014 <a href=\"http:\/\/www.amazon.fr\/gp\/product\/2754810285\/ref=as_li_tl?ie=UTF8&amp;camp=1642&amp;creative=19458&amp;creativeASIN=2754810285&amp;linkCode=as2&amp;tag=tirag00-21\" target=\"_blank\">Voir sur Amazon \u00bb<\/a><\/li>\n<li>Les ombres claires, 2014, PerspectivesArt9 \u00c9ditions \u2014 <a href=\"http:\/\/www.amazon.fr\/gp\/product\/2372450085\/ref=as_li_tl?ie=UTF8&amp;camp=1642&amp;creative=19458&amp;creativeASIN=2372450085&amp;linkCode=as2&amp;tag=tirag00-21\" target=\"_blank\">Voir sur Amazon \u00bb<\/a><\/li>\n<\/ul>\n","protected":false},"excerpt":{"rendered":"<p>Le pas suspendu du manchot\u00a0: Trois manchots sortent de l&rsquo;eau sur une plage de sable noir avec en arri\u00e8re plan, le Marion Dufresne, navire embl\u00e9matique des Terres Australes et Antarctiques Fran\u00e7aises, qui surveille la baie. C&rsquo;est sur ce bateau, le Marion Dufresne, que Fran\u00e7ois Lepage\u00a0s&#8217;embarque en 2010 pour une premi\u00e8re escapade du c\u00f4t\u00e9 de la [&hellip;]<\/p>\n","protected":false},"author":2,"featured_media":3374,"comment_status":"open","ping_status":"open","sticky":false,"template":"","format":"standard","meta":{"_seopress_robots_primary_cat":"","_seopress_titles_title":"","_seopress_titles_desc":"","_seopress_robots_index":"","inline_featured_image":false,"_themeisle_gutenberg_block_has_review":false,"footnotes":""},"categories":[27],"tags":[90,87,91,62,89,88,86,9],"class_list":["post-921","post","type-post","status-publish","format-standard","has-post-thumbnail","hentry","category-rencontres","tag-agence-de-presse","tag-antartique","tag-kerguelen","tag-photographe","tag-reporter","tag-sipa-press","tag-terres-australes","tag-tirage"],"_links":{"self":[{"href":"https:\/\/www.tirages-pro.com\/blog\/wp-json\/wp\/v2\/posts\/921","targetHints":{"allow":["GET"]}}],"collection":[{"href":"https:\/\/www.tirages-pro.com\/blog\/wp-json\/wp\/v2\/posts"}],"about":[{"href":"https:\/\/www.tirages-pro.com\/blog\/wp-json\/wp\/v2\/types\/post"}],"author":[{"embeddable":true,"href":"https:\/\/www.tirages-pro.com\/blog\/wp-json\/wp\/v2\/users\/2"}],"replies":[{"embeddable":true,"href":"https:\/\/www.tirages-pro.com\/blog\/wp-json\/wp\/v2\/comments?post=921"}],"version-history":[{"count":43,"href":"https:\/\/www.tirages-pro.com\/blog\/wp-json\/wp\/v2\/posts\/921\/revisions"}],"predecessor-version":[{"id":5152,"href":"https:\/\/www.tirages-pro.com\/blog\/wp-json\/wp\/v2\/posts\/921\/revisions\/5152"}],"wp:featuredmedia":[{"embeddable":true,"href":"https:\/\/www.tirages-pro.com\/blog\/wp-json\/wp\/v2\/media\/3374"}],"wp:attachment":[{"href":"https:\/\/www.tirages-pro.com\/blog\/wp-json\/wp\/v2\/media?parent=921"}],"wp:term":[{"taxonomy":"category","embeddable":true,"href":"https:\/\/www.tirages-pro.com\/blog\/wp-json\/wp\/v2\/categories?post=921"},{"taxonomy":"post_tag","embeddable":true,"href":"https:\/\/www.tirages-pro.com\/blog\/wp-json\/wp\/v2\/tags?post=921"}],"curies":[{"name":"wp","href":"https:\/\/api.w.org\/{rel}","templated":true}]}}