{"id":99,"date":"2011-06-19T17:16:33","date_gmt":"2011-06-19T15:16:33","guid":{"rendered":"http:\/\/www.tirages-pro.com\/blog\/?p=99"},"modified":"2016-11-13T10:31:27","modified_gmt":"2016-11-13T09:31:27","slug":"rencontre-avec-gerard-brack-laureat-du-prix-du-jury-ilford-2011","status":"publish","type":"post","link":"https:\/\/www.tirages-pro.com\/blog\/2011\/06\/rencontre-avec-gerard-brack-laureat-du-prix-du-jury-ilford-2011\/","title":{"rendered":"G\u00e9rard Brack, laur\u00e9at du Prix du Jury Ilford 2011"},"content":{"rendered":"<p>Nous inaugurons une s\u00e9rie d\u2019interviews de photographes professionnels et amateurs.<\/p>\n<p>Aujourd&rsquo;hui, rencontre avec G\u00e9rard Brack, photographe de talent, humaniste et laur\u00e9at du prix Ilford 2011.<!--more--><\/p>\n<p><strong><img data-recalc-dims=\"1\" alt=\"\" loading=\"lazy\" decoding=\"async\" class=\"alignright size-thumbnail wp-image-141\" title=\"Portrait G\u00e9rard Brack\" src=\"https:\/\/i0.wp.com\/www.tirages-pro.com\/blog\/wp-content\/uploads\/2011\/06\/PortraitGerardBrack.jpg?resize=128%2C128&#038;ssl=1\" alt=\"\" width=\"128\" height=\"128\" srcset=\"https:\/\/i0.wp.com\/www.tirages-pro.com\/blog\/wp-content\/uploads\/2011\/06\/PortraitGerardBrack.jpg?resize=150%2C150&amp;ssl=1 150w, https:\/\/i0.wp.com\/www.tirages-pro.com\/blog\/wp-content\/uploads\/2011\/06\/PortraitGerardBrack.jpg?resize=298%2C300&amp;ssl=1 298w, https:\/\/i0.wp.com\/www.tirages-pro.com\/blog\/wp-content\/uploads\/2011\/06\/PortraitGerardBrack.jpg?w=336&amp;ssl=1 336w\" sizes=\"auto, (max-width: 128px) 100vw, 128px\" \/>TiragesPro\u00a0:<\/strong><br \/>\nBonjour M. Brack et bienvenue sur le blog de TiragesPro. Merci d\u2019avoir accept\u00e9 notre invitation.<\/p>\n<p>Vous venez d\u2019\u00eatre distingu\u00e9 par le prestigieux <strong>Prix du Jury Noir &amp; Blanc Ilford 2011<\/strong> dans la cat\u00e9gorie <strong>Jet d\u2019encre<\/strong> pour la photographie ci-dessous.<br \/>\nQuelle est l\u2019histoire de cette surprenante photo\u00a0? Son origine\u00a0?<\/p>\n<p><strong>G\u00e9rard Brack\u00a0:<\/strong><br \/>\nC\u2019est une photographie qui a \u00e9t\u00e9 r\u00e9alis\u00e9e sur une petite \u00eele perdue dans le delta de l\u2019Okavango au Botswana. Nous \u00e9tions en fin de journ\u00e9e et j\u2019observais les porteurs botswanais assis ensemble, en pleine discussion \u00e0 l\u2019autre bout du campement. Je me suis joint \u00e0 eux pour quelques prises de vues mais j\u2019avais d\u00e9j\u00e0 une petite id\u00e9e qui germait.<br \/>\nVoila tout simplement l\u2019origine de ce clich\u00e9.<img data-recalc-dims=\"1\" alt=\"\" loading=\"lazy\" decoding=\"async\" class=\"aligncenter size-full wp-image-142\" title=\"Photo G\u00e9rard Brack, laur\u00e9at du Prix du Jury Ilford 2011\" src=\"https:\/\/i0.wp.com\/www.tirages-pro.com\/blog\/wp-content\/uploads\/2011\/06\/PhotoGerardBrack.jpg?resize=422%2C422&#038;ssl=1\" alt=\"\" width=\"422\" height=\"422\" srcset=\"https:\/\/i0.wp.com\/www.tirages-pro.com\/blog\/wp-content\/uploads\/2011\/06\/PhotoGerardBrack.jpg?w=660&amp;ssl=1 660w, https:\/\/i0.wp.com\/www.tirages-pro.com\/blog\/wp-content\/uploads\/2011\/06\/PhotoGerardBrack.jpg?resize=150%2C150&amp;ssl=1 150w, https:\/\/i0.wp.com\/www.tirages-pro.com\/blog\/wp-content\/uploads\/2011\/06\/PhotoGerardBrack.jpg?resize=300%2C300&amp;ssl=1 300w\" sizes=\"auto, (max-width: 422px) 100vw, 422px\" \/><\/p>\n<p><strong>TiragesPro\u00a0:<\/strong><br \/>\nQuel mat\u00e9riel avez-vous utilis\u00e9 pour cette image\u00a0?<\/p>\n<p><strong>G\u00e9rard Brack\u00a0:<\/strong><br \/>\nCette image a \u00e9t\u00e9 prise avec un bo\u00eetier Nikon D700 mont\u00e9 d\u2019un objectif Nikon 24\u201370 2.8 de type N.<\/p>\n<p><strong>TiragesPro\u00a0:<\/strong><br \/>\nVous sp\u00e9cialisez vous dans le noir et blanc\u00a0?<\/p>\n<p><strong>G\u00e9rard Brack\u00a0:<\/strong><br \/>\nOui, pour l\u2019essentiel de mes travaux.<\/p>\n<p>Mon choix pour le noir et blanc a \u00e9t\u00e9 guid\u00e9 par ma volont\u00e9 de stimuler l\u2019esprit plut\u00f4t que le regard. Lorsqu\u2019une image arrive \u00e0 figer le spectateur, le d\u00e9ranger, le mettre face \u00e0 ses propres \u00e9motions, et m\u00eame \u00e0 provoquer des interpr\u00e9tations diff\u00e9rentes, j\u2019ai alors le sentiment d\u2019avoir r\u00e9ussi mon travail. Une image ne doit pas \u00eatre une \u0153uvre aboutie, mais le commencement d\u2019un partage.<\/p>\n<p>Ces convictions me guident depuis de nombreuses ann\u00e9es dans la photographie.<\/p>\n<p><strong>TiragesPro\u00a0:<\/strong><br \/>\nVous \u00eates photographe amateur n\u2019est-ce pas\u00a0? [Update 01-01-2012 : G\u00e9rard est pass\u00e9 professionnel]<\/p>\n<p><strong>G\u00e9rard Brack\u00a0:<\/strong><br \/>\nJe fais partie des passionn\u00e9s en photographie nomm\u00e9s amateurs, effectivement\u00a0!<\/p>\n<p>Aurais-je d\u00fb tenter le versant professionnel\u00a0? C\u2019est une question qui me hante r\u00e9guli\u00e8rement depuis quelques ann\u00e9es, mais vu le nombre de talents artistiques rest\u00e9s dans l\u2019ombre, cette voie est un peu d\u00e9courageante. Photographier, ou pratiquer l\u2019art, pour assurer son quotidien m\u2019a toujours sembl\u00e9 \u00eatre un grand g\u00e2chis. Mais qui sait, peut-\u00eatre un jour\u00a0?<\/p>\n<p><strong>TiragesPro\u00a0:<\/strong><br \/>\nDepuis quand pratiquez-vous la photographie\u00a0? Par quels grands \u00ab\u00a0ma\u00eetres\u00a0\u00bb avez-vous \u00e9t\u00e9 influenc\u00e9\u00a0?<\/p>\n<p><strong>G\u00e9rard Brack\u00a0:<\/strong><br \/>\nMes premi\u00e8res photographies datent de 1977. Je me servais \u00e0 l\u2019\u00e9poque d\u2019un vieil appareil argentique Agfa Apotar des ann\u00e9es cinquante, sorti tout droit d\u2019un tiroir poussi\u00e9reux. C\u2019est le petit clic au d\u00e9clenchement qui \u00e9veilla en moi une soudaine envie, encore inconnue.<\/p>\n<p>Il ne disposait bien s\u00fbr d\u2019aucune mesure automatique\u00a0! Comme l\u2019argent de poche de mes quatorze ans limitait cruellement l\u2019achat de pellicule, j\u2019ai d\u00fb tout apprendre tr\u00e8s vite\u00a0: ouverture, vitesse, sensibilit\u00e9 ISO. Plus tard, lorsque mon m\u00e9tier m\u2019autorisa un budget plus important, je fis l\u2019acquisition d\u2019un bo\u00eetier Canon AE1 qui m\u2019a suivi de nombreuses ann\u00e9es \u00e0 travers mes p\u00e9riples dans le monde.<\/p>\n<p>Au tout d\u00e9but du num\u00e9rique, j\u2019ai eu d\u2019autres bo\u00eetiers, pour aboutir actuellement au D700 de chez Nikon. Celui-l\u00e0 me convient parfaitement, il reste relativement discret par son volume tout en b\u00e9n\u00e9ficiant quasiment de toute la technologie du volumineux et lourd D3S.<\/p>\n<p>Si j\u2019ai fait le choix d\u2019un tel mat\u00e9riel, c\u2019est avant tout pour qu\u2019il soit capable de m\u2019accompagner dans toutes les conditions sur le terrain. Son format 24 x 36 me rappelle la photo argentique car, ne l\u2019oublions pas, je suis de cette g\u00e9n\u00e9ration\u00a0!<\/p>\n<p>Pour en venir aux grands ma\u00eetres qui m\u2019ont sans doute influenc\u00e9 un peu, je retiendrais Robert Doisneau et avant tout Sebasti\u00e3o Salgado.<\/p>\n<p><strong><a href=\"https:\/\/i0.wp.com\/www.tirages-pro.com\/blog\/wp-content\/uploads\/2011\/06\/DeltaDeLOkavango2.jpg?ssl=1\"><img data-recalc-dims=\"1\" alt=\"\" loading=\"lazy\" decoding=\"async\" class=\"alignright size-medium wp-image-138\" title=\"Delta De L'Okavango, Botswana\" src=\"https:\/\/i0.wp.com\/www.tirages-pro.com\/blog\/wp-content\/uploads\/2011\/06\/DeltaDeLOkavango2.jpg?resize=254%2C300&#038;ssl=1\" alt=\"\" width=\"254\" height=\"300\" srcset=\"https:\/\/i0.wp.com\/www.tirages-pro.com\/blog\/wp-content\/uploads\/2011\/06\/DeltaDeLOkavango2.jpg?resize=254%2C300&amp;ssl=1 254w, https:\/\/i0.wp.com\/www.tirages-pro.com\/blog\/wp-content\/uploads\/2011\/06\/DeltaDeLOkavango2.jpg?w=570&amp;ssl=1 570w\" sizes=\"auto, (max-width: 254px) 100vw, 254px\" \/><\/a>TiragesPro\u00a0:<\/strong><br \/>\nComment proc\u00e9dez-vous\u00a0lors de vos prises de vue\u00a0?<\/p>\n<p><strong>G\u00e9rard Brack\u00a0:<\/strong><br \/>\nL\u2019exp\u00e9rience du voyage m\u2019a permis d\u2019aller vers l\u2019autre sans crainte, or bien souvent la beaut\u00e9 d\u2019une photographie d\u00e9pend de l&rsquo;attitude du photographe lui-m\u00eame\u00a0! C\u2019est pourquoi, je fais rarement des clich\u00e9s le jour de mon arriv\u00e9e, je prends mon temps, je laisse les choses se faire, j\u2019observe, je m\u2019impr\u00e8gne, je m\u2019int\u00e8gre. C\u2019est une \u00e9tape indispensable pour capter les senteurs et les bruits, comprendre l\u2019environnement du sujet, tout en composant d\u00e9j\u00e0 mentalement les images. Portraits cadr\u00e9s serr\u00e9s, rues, etc\u00a0: c\u2019est avec cette alchimie que je construis mes clich\u00e9s.<\/p>\n<p><strong>TiragesPro\u00a0:<\/strong><br \/>\nVous avez souhait\u00e9 que votre \u0153uvre soit tir\u00e9e par TiragesPro. C\u2019\u00e9tait alors votre premi\u00e8re commande chez nous.<\/p>\n<p>Vous avez pris contact avec nous, nous avons eu une longue discussion et je me souviens que vous recherchiez surtout un tireur capable de vous guider dans vos choix.<\/p>\n<p>Ceci nous a conduit \u00e0 choisir le papier Hahnem\u00fchle FineArt Baryta en raison de sa texture et \u00e0 tirer votre image en accentuant tr\u00e8s sensiblement la densit\u00e9 des noirs et en les rendant l\u00e9g\u00e8rement chauds. Le tirage a ensuite \u00e9t\u00e9 contrecoll\u00e9e sur Dibond\u00ae.<\/p>\n<p>Vous pouvez nous en dire plus sur le r\u00e9sultat\u00a0?<\/p>\n<p><strong>G\u00e9rard Brack\u00a0:<\/strong><br \/>\nEncore mes f\u00e9licitations pour la qualit\u00e9, le professionnalisme et votre \u00e9coute qui ont permis d\u2019\u00e9laborer un tirage magnifique et largement \u00e0 la hauteur de mes attentes\u00a0!<\/p>\n<p>Pour certains de mes prochains travaux, je compte faire des grands tirages.<\/p>\n<p>C\u2019est pour cette raison que j\u2019ai pris contact avec TiragesPro qui \u00e0 mon grand \u00e9tonnement a su travailler avec la m\u00eame proximit\u00e9 qu\u2019un tireur local. Encore merci\u00a0!<\/p>\n<p><strong>TiragesPro\u00a0:<\/strong><br \/>\nQuels sont vos prochains projets\u00a0? Une exposition peut-\u00eatre\u00a0?<\/p>\n<p><strong>G\u00e9rard Brack\u00a0:<\/strong><br \/>\nMon prochain travail est programm\u00e9 en f\u00e9vrier 2012 \u00e0 Calcutta en Inde.<\/p>\n<p>En fonction du r\u00e9sultat, j\u2019envisagerai probablement une exposition. L\u2019id\u00e9al pour moi, serait de trouver un sponsor de pr\u00e9f\u00e9rence dans le domaine de la photographie. En effet, \u00e9laborer une belle exposition demande beaucoup de travail, un lieu int\u00e9ressant, et surtout un budget assez cons\u00e9quent.<\/p>\n<p><strong>TiragesPro\u00a0:<\/strong><br \/>\nO\u00f9 nos lecteurs peuvent-ils d\u00e9couvrir vos travaux et en savoir plus sur vous\u00a0?<\/p>\n<p><strong>G\u00e9rard Brack\u00a0:<\/strong><br \/>\nJe n\u2019ai pas encore publi\u00e9 mes travaux sur le Web mais des projets dans ce sens sont \u00e0 l\u2019\u00e9tude.<\/p>\n<p>En attendant je peux \u00eatre contact\u00e9 \u00e0 l\u2019adresse suivante\u00a0: g.brackwanadoo.fr<\/p>\n<p><strong>TiragesPro\u00a0:<\/strong><br \/>\nEt bien merci et \u00e0 bient\u00f4t pour de nouvelles aventures photographiques\u00a0!<\/p>\n","protected":false},"excerpt":{"rendered":"<p>Nous inaugurons une s\u00e9rie d\u2019interviews de photographes professionnels et amateurs.<br \/>\nRencontre aujourd&rsquo;hui avec G\u00e9rard Brack, photographe amateur de talent, humaniste et laur\u00e9at du Prix du Jury Ilford 2011.<\/p>\n","protected":false},"author":10,"featured_media":142,"comment_status":"open","ping_status":"open","sticky":false,"template":"","format":"standard","meta":{"_seopress_robots_primary_cat":"","_seopress_titles_title":"","_seopress_titles_desc":"","_seopress_robots_index":"","inline_featured_image":false,"_themeisle_gutenberg_block_has_review":false,"footnotes":""},"categories":[27],"tags":[28,125,136,62,65],"class_list":["post-99","post","type-post","status-publish","format-standard","has-post-thumbnail","hentry","category-rencontres","tag-interview","tag-noir-et-blanc","tag-photo-rag-baryta","tag-photographe","tag-tirage-photo"],"_links":{"self":[{"href":"https:\/\/www.tirages-pro.com\/blog\/wp-json\/wp\/v2\/posts\/99","targetHints":{"allow":["GET"]}}],"collection":[{"href":"https:\/\/www.tirages-pro.com\/blog\/wp-json\/wp\/v2\/posts"}],"about":[{"href":"https:\/\/www.tirages-pro.com\/blog\/wp-json\/wp\/v2\/types\/post"}],"author":[{"embeddable":true,"href":"https:\/\/www.tirages-pro.com\/blog\/wp-json\/wp\/v2\/users\/10"}],"replies":[{"embeddable":true,"href":"https:\/\/www.tirages-pro.com\/blog\/wp-json\/wp\/v2\/comments?post=99"}],"version-history":[{"count":52,"href":"https:\/\/www.tirages-pro.com\/blog\/wp-json\/wp\/v2\/posts\/99\/revisions"}],"predecessor-version":[{"id":2348,"href":"https:\/\/www.tirages-pro.com\/blog\/wp-json\/wp\/v2\/posts\/99\/revisions\/2348"}],"wp:featuredmedia":[{"embeddable":true,"href":"https:\/\/www.tirages-pro.com\/blog\/wp-json\/wp\/v2\/media\/142"}],"wp:attachment":[{"href":"https:\/\/www.tirages-pro.com\/blog\/wp-json\/wp\/v2\/media?parent=99"}],"wp:term":[{"taxonomy":"category","embeddable":true,"href":"https:\/\/www.tirages-pro.com\/blog\/wp-json\/wp\/v2\/categories?post=99"},{"taxonomy":"post_tag","embeddable":true,"href":"https:\/\/www.tirages-pro.com\/blog\/wp-json\/wp\/v2\/tags?post=99"}],"curies":[{"name":"wp","href":"https:\/\/api.w.org\/{rel}","templated":true}]}}